{"id":187628,"date":"2020-09-10T08:13:02","date_gmt":"2020-09-10T11:13:02","guid":{"rendered":"https:\/\/www.caririemacao.com\/1\/?p=187628"},"modified":"2020-09-10T08:13:02","modified_gmt":"2020-09-10T11:13:02","slug":"governador-joao-azevedo-veta-proposta-de-criar-um-portal-da-transparencia-covid-19-para-cada-municipio-da-paraiba","status":"publish","type":"post","link":"https:\/\/www.caririemacao.com\/1\/2020\/09\/10\/governador-joao-azevedo-veta-proposta-de-criar-um-portal-da-transparencia-covid-19-para-cada-municipio-da-paraiba\/","title":{"rendered":"Governador Jo\u00e3o Azev\u00eado veta proposta de criar um Portal da Transpar\u00eancia Covid-19 para cada munic\u00edpio da Para\u00edba"},"content":{"rendered":"\n<h1 class=\"wp-block-heading\"><\/h1>\n\n\n\n<p>O governador da Para\u00edba Jo\u00e3o Azev\u00eado vetou projeto de lei do deputado Adriano Galdino que visava criar um \u201dPortal da Transpar\u00eancia Covid-19\u201d em todos os munic\u00edpios do Estado. O site disponibilizaria todos os valores e recursos arrecadados para o enfrentamento da pandemia do novo coronav\u00edrus, assim como a sua devida destina\u00e7\u00e3o. O veto foi publicado no Di\u00e1rio Oficial do Estado desta quarta-feira (9).<\/p>\n\n\n\n<p>Em sua justificativa para o veto, o governador destacou que os gestores municipais j\u00e1 est\u00e3o obrigados a garantir transpar\u00eancia plena na aplica\u00e7\u00e3o dos recursos p\u00fablicos, e citou a Lei da Responsabilidade Fiscal e a Lei do Acesso \u00e0 Informa\u00e7\u00e3o.<\/p>\n\n\n\n<p>Por outro lado, o governador explicou que a lei proposta fere o princ\u00edpio de separa\u00e7\u00e3o dos poderes, visto que projetos de lei que disponham sobre servi\u00e7os p\u00fablicos e atribui\u00e7\u00f5es para secretarias e \u00f3rg\u00e3os da administra\u00e7\u00e3o p\u00fablica s\u00e3o de iniciativa privativa do Governador do Estado.<\/p>\n","protected":false},"excerpt":{"rendered":"<p>O governador da Para\u00edba Jo\u00e3o Azev\u00eado vetou projeto de lei do deputado Adriano Galdino que visava criar um \u201dPortal da Transpar\u00eancia Covid-19\u201d em todos os&hellip; <\/p>\n","protected":false},"author":2,"featured_media":187629,"comment_status":"closed","ping_status":"closed","sticky":false,"template":"","format":"standard","meta":{"sfsi_plus_gutenberg_text_before_share":"","sfsi_plus_gutenberg_show_text_before_share":"","sfsi_plus_gutenberg_icon_type":"","sfsi_plus_gutenberg_icon_alignemt":"","sfsi_plus_gutenburg_max_per_row":"","footnotes":""},"categories":[50,11],"tags":[],"class_list":["post-187628","post","type-post","status-publish","format-standard","has-post-thumbnail","hentry","category-destaque","category-politica"],"_links":{"self":[{"href":"https:\/\/www.caririemacao.com\/1\/wp-json\/wp\/v2\/posts\/187628","targetHints":{"allow":["GET"]}}],"collection":[{"href":"https:\/\/www.caririemacao.com\/1\/wp-json\/wp\/v2\/posts"}],"about":[{"href":"https:\/\/www.caririemacao.com\/1\/wp-json\/wp\/v2\/types\/post"}],"author":[{"embeddable":true,"href":"https:\/\/www.caririemacao.com\/1\/wp-json\/wp\/v2\/users\/2"}],"replies":[{"embeddable":true,"href":"https:\/\/www.caririemacao.com\/1\/wp-json\/wp\/v2\/comments?post=187628"}],"version-history":[{"count":1,"href":"https:\/\/www.caririemacao.com\/1\/wp-json\/wp\/v2\/posts\/187628\/revisions"}],"predecessor-version":[{"id":187630,"href":"https:\/\/www.caririemacao.com\/1\/wp-json\/wp\/v2\/posts\/187628\/revisions\/187630"}],"wp:featuredmedia":[{"embeddable":true,"href":"https:\/\/www.caririemacao.com\/1\/wp-json\/wp\/v2\/media\/187629"}],"wp:attachment":[{"href":"https:\/\/www.caririemacao.com\/1\/wp-json\/wp\/v2\/media?parent=187628"}],"wp:term":[{"taxonomy":"category","embeddable":true,"href":"https:\/\/www.caririemacao.com\/1\/wp-json\/wp\/v2\/categories?post=187628"},{"taxonomy":"post_tag","embeddable":true,"href":"https:\/\/www.caririemacao.com\/1\/wp-json\/wp\/v2\/tags?post=187628"}],"curies":[{"name":"wp","href":"https:\/\/api.w.org\/{rel}","templated":true}]}}