{"id":187632,"date":"2020-09-10T08:15:18","date_gmt":"2020-09-10T11:15:18","guid":{"rendered":"https:\/\/www.caririemacao.com\/1\/?p=187632"},"modified":"2020-09-10T08:15:18","modified_gmt":"2020-09-10T11:15:18","slug":"senado-aprova-maior-prazo-para-gasto-de-verba-contra-pandemia","status":"publish","type":"post","link":"https:\/\/www.caririemacao.com\/1\/2020\/09\/10\/senado-aprova-maior-prazo-para-gasto-de-verba-contra-pandemia\/","title":{"rendered":"Senado aprova maior prazo para gasto de verba contra pandemia"},"content":{"rendered":"\n<h2 class=\"wp-block-heading\"><\/h2>\n\n\n\n<p>O Senado aprovou hoje (9) um projeto de lei (PL) que amplia o prazo para os estados e munic\u00edpio utilizarem recursos repassados pela Uni\u00e3o para combate da crise desencadeada pela pandemia da covid-19. De acordo com o projeto, governadores e prefeitos poder\u00e3o utilizar os recursos at\u00e9 31 de dezembro de 2021. Agora, a proposta vai \u00e0 C\u00e2mara dos Deputados.<img decoding=\"async\" data-src=\"https:\/\/agenciabrasil.ebc.com.br\/ebc.png?id=1387454&amp;o=node\" src=\"data:image\/svg+xml;base64,PHN2ZyB3aWR0aD0iMSIgaGVpZ2h0PSIxIiB4bWxucz0iaHR0cDovL3d3dy53My5vcmcvMjAwMC9zdmciPjwvc3ZnPg==\" class=\"lazyload\"><img decoding=\"async\" data-src=\"https:\/\/agenciabrasil.ebc.com.br\/ebc.gif?id=1387454&amp;o=node\" src=\"data:image\/svg+xml;base64,PHN2ZyB3aWR0aD0iMSIgaGVpZ2h0PSIxIiB4bWxucz0iaHR0cDovL3d3dy53My5vcmcvMjAwMC9zdmciPjwvc3ZnPg==\" class=\"lazyload\"><\/p>\n\n\n\n<p>Os recursos s\u00e3o oriundos de cr\u00e9ditos extraordin\u00e1rios, liberados por medidas provis\u00f3rias. Atualmente, esses cr\u00e9ditos precisam ser utilizados at\u00e9 o final do ano, quando termina o Estado de Calamidade P\u00fablica decretado no pa\u00eds. O projeto, de autoria da senadora Simone Tebet (MDB-MS), confere mais tempo para uso desse dinheiro para combater as consequ\u00eancias da crise.<\/p>\n\n\n\n<p>\u201cO objetivo \u00e9 preservar a execu\u00e7\u00e3o de gastos de R$ 28 bilh\u00f5es e R$ 61 milh\u00f5es nas \u00e1reas da sa\u00fade e da assist\u00eancia social, respectivamente. Trata-se t\u00e3o somente de evitar que esses recursos sejam devolvidos ao governo federal enquanto persistir a pandemia provocada pela covid-19\u201d, disse o relator do projeto, Otto Alencar (PSD-BA).<\/p>\n\n\n\n<p>Alencar incorporou ao projeto uma emenda que inclui tamb\u00e9m todos os recursos repassados pelo governo federal para combater a crise nas \u00e1reas social, econ\u00f4mica e sanit\u00e1ria. Segundo o projeto, a Uni\u00e3o n\u00e3o poder\u00e1 solicitar a devolu\u00e7\u00e3o dos recursos antes desse prazo, a menos que sejam identificados il\u00edcitos na aplica\u00e7\u00e3o dos recursos.<\/p>\n","protected":false},"excerpt":{"rendered":"<p>O Senado aprovou hoje (9) um projeto de lei (PL) que amplia o prazo para os estados e munic\u00edpio utilizarem recursos repassados pela Uni\u00e3o para&hellip; <\/p>\n","protected":false},"author":2,"featured_media":187633,"comment_status":"closed","ping_status":"closed","sticky":false,"template":"","format":"standard","meta":{"sfsi_plus_gutenberg_text_before_share":"","sfsi_plus_gutenberg_show_text_before_share":"","sfsi_plus_gutenberg_icon_type":"","sfsi_plus_gutenberg_icon_alignemt":"","sfsi_plus_gutenburg_max_per_row":"","footnotes":""},"categories":[50,2],"tags":[],"class_list":["post-187632","post","type-post","status-publish","format-standard","has-post-thumbnail","hentry","category-destaque","category-geral"],"_links":{"self":[{"href":"https:\/\/www.caririemacao.com\/1\/wp-json\/wp\/v2\/posts\/187632","targetHints":{"allow":["GET"]}}],"collection":[{"href":"https:\/\/www.caririemacao.com\/1\/wp-json\/wp\/v2\/posts"}],"about":[{"href":"https:\/\/www.caririemacao.com\/1\/wp-json\/wp\/v2\/types\/post"}],"author":[{"embeddable":true,"href":"https:\/\/www.caririemacao.com\/1\/wp-json\/wp\/v2\/users\/2"}],"replies":[{"embeddable":true,"href":"https:\/\/www.caririemacao.com\/1\/wp-json\/wp\/v2\/comments?post=187632"}],"version-history":[{"count":1,"href":"https:\/\/www.caririemacao.com\/1\/wp-json\/wp\/v2\/posts\/187632\/revisions"}],"predecessor-version":[{"id":187634,"href":"https:\/\/www.caririemacao.com\/1\/wp-json\/wp\/v2\/posts\/187632\/revisions\/187634"}],"wp:featuredmedia":[{"embeddable":true,"href":"https:\/\/www.caririemacao.com\/1\/wp-json\/wp\/v2\/media\/187633"}],"wp:attachment":[{"href":"https:\/\/www.caririemacao.com\/1\/wp-json\/wp\/v2\/media?parent=187632"}],"wp:term":[{"taxonomy":"category","embeddable":true,"href":"https:\/\/www.caririemacao.com\/1\/wp-json\/wp\/v2\/categories?post=187632"},{"taxonomy":"post_tag","embeddable":true,"href":"https:\/\/www.caririemacao.com\/1\/wp-json\/wp\/v2\/tags?post=187632"}],"curies":[{"name":"wp","href":"https:\/\/api.w.org\/{rel}","templated":true}]}}