{"id":187640,"date":"2020-09-10T08:21:14","date_gmt":"2020-09-10T11:21:14","guid":{"rendered":"https:\/\/www.caririemacao.com\/1\/?p=187640"},"modified":"2020-09-10T08:21:14","modified_gmt":"2020-09-10T11:21:14","slug":"com-presenca-do-deputado-pedro-cunha-lima-sandro-moco-e-kiel-realizarao-convencao-do-povo-proximo-sabado-em-camalau","status":"publish","type":"post","link":"https:\/\/www.caririemacao.com\/1\/2020\/09\/10\/com-presenca-do-deputado-pedro-cunha-lima-sandro-moco-e-kiel-realizarao-convencao-do-povo-proximo-sabado-em-camalau\/","title":{"rendered":"Com presen\u00e7a do deputado Pedro Cunha Lima, Sandro M\u00f4co e Kiel realizar\u00e3o \u201cConven\u00e7\u00e3o do Povo\u201d pr\u00f3ximo s\u00e1bado em Camala\u00fa"},"content":{"rendered":"\n<h1 class=\"wp-block-heading\"><\/h1>\n\n\n\n<p>No pr\u00f3ximo s\u00e1bado, dia 12 de setembro, o partido do PSDB estar\u00e1 realizando na cidade de Camala\u00fa, a conven\u00e7\u00e3o municipal que oficializar\u00e1 as candidaturas a reelei\u00e7\u00e3o de Sandro M\u00f4co (prefeito) e Ezequiel S\u00f3stenes (vice).<\/p>\n\n\n\n<p>O evento ser\u00e1 realizado no CEHAGRO e ter\u00e1 in\u00edcio \u00e0s 09:45 da manh\u00e3. A conven\u00e7\u00e3o apresentar\u00e1 oficialmente os pr\u00e9-candidatos da coliga\u00e7\u00e3o PSDB, PROS e PV, que homologar\u00e3o as suas candidaturas para disputar uma das vagas ao Poder Legislativo Municipal.<\/p>\n\n\n\n<p>Intitulado a Conven\u00e7\u00e3o do Povo, o evento j\u00e1 \u00e9 aguardado ansiosamente pela popula\u00e7\u00e3o camalauense. A conven\u00e7\u00e3o obedecer\u00e1 todas as medidas de preven\u00e7\u00e3o ao coronav\u00edrus e todos os participantes estar\u00e3o fazendo uso de m\u00e1scaras.<\/p>\n\n\n\n<p>O evento contar\u00e1 com participa\u00e7\u00e3o do deputado federal Pedro Cunha Lima, presidente estadual do PSDB.<\/p>\n","protected":false},"excerpt":{"rendered":"<p>No pr\u00f3ximo s\u00e1bado, dia 12 de setembro, o partido do PSDB estar\u00e1 realizando na cidade de Camala\u00fa, a conven\u00e7\u00e3o municipal que oficializar\u00e1 as candidaturas a&hellip; <\/p>\n","protected":false},"author":2,"featured_media":187641,"comment_status":"closed","ping_status":"closed","sticky":false,"template":"","format":"standard","meta":{"sfsi_plus_gutenberg_text_before_share":"","sfsi_plus_gutenberg_show_text_before_share":"","sfsi_plus_gutenberg_icon_type":"","sfsi_plus_gutenberg_icon_alignemt":"","sfsi_plus_gutenburg_max_per_row":"","footnotes":""},"categories":[50,2],"tags":[],"class_list":["post-187640","post","type-post","status-publish","format-standard","has-post-thumbnail","hentry","category-destaque","category-geral"],"_links":{"self":[{"href":"https:\/\/www.caririemacao.com\/1\/wp-json\/wp\/v2\/posts\/187640","targetHints":{"allow":["GET"]}}],"collection":[{"href":"https:\/\/www.caririemacao.com\/1\/wp-json\/wp\/v2\/posts"}],"about":[{"href":"https:\/\/www.caririemacao.com\/1\/wp-json\/wp\/v2\/types\/post"}],"author":[{"embeddable":true,"href":"https:\/\/www.caririemacao.com\/1\/wp-json\/wp\/v2\/users\/2"}],"replies":[{"embeddable":true,"href":"https:\/\/www.caririemacao.com\/1\/wp-json\/wp\/v2\/comments?post=187640"}],"version-history":[{"count":1,"href":"https:\/\/www.caririemacao.com\/1\/wp-json\/wp\/v2\/posts\/187640\/revisions"}],"predecessor-version":[{"id":187642,"href":"https:\/\/www.caririemacao.com\/1\/wp-json\/wp\/v2\/posts\/187640\/revisions\/187642"}],"wp:featuredmedia":[{"embeddable":true,"href":"https:\/\/www.caririemacao.com\/1\/wp-json\/wp\/v2\/media\/187641"}],"wp:attachment":[{"href":"https:\/\/www.caririemacao.com\/1\/wp-json\/wp\/v2\/media?parent=187640"}],"wp:term":[{"taxonomy":"category","embeddable":true,"href":"https:\/\/www.caririemacao.com\/1\/wp-json\/wp\/v2\/categories?post=187640"},{"taxonomy":"post_tag","embeddable":true,"href":"https:\/\/www.caririemacao.com\/1\/wp-json\/wp\/v2\/tags?post=187640"}],"curies":[{"name":"wp","href":"https:\/\/api.w.org\/{rel}","templated":true}]}}