{"id":187644,"date":"2020-09-10T08:24:35","date_gmt":"2020-09-10T11:24:35","guid":{"rendered":"https:\/\/www.caririemacao.com\/1\/?p=187644"},"modified":"2020-09-10T08:24:35","modified_gmt":"2020-09-10T11:24:35","slug":"camara-do-tce-vota-pela-regularidade-do-certame-promovido-pela-prefeitura-de-sume","status":"publish","type":"post","link":"https:\/\/www.caririemacao.com\/1\/2020\/09\/10\/camara-do-tce-vota-pela-regularidade-do-certame-promovido-pela-prefeitura-de-sume\/","title":{"rendered":"C\u00e2mara do TCE vota pela regularidade do certame promovido pela prefeitura de Sum\u00e9"},"content":{"rendered":"\n<h1 class=\"wp-block-heading\"><\/h1>\n\n\n\n<p>A 2\u00aa C\u00e2mara do Tribunal de Contas da Para\u00edba aprovou,&nbsp;durante sess\u00e3o por videoconfer\u00eancia,&nbsp;nesta ter\u00e7a-feira (8), as presta\u00e7\u00f5es de contas de sete C\u00e2maras de Vereadores, todas relativas ao exerc\u00edcio de 2019; sendo duas delas \u2013 Santa Luzia e Fagundes \u2013 com julgamento pela regularidade com ressalvas. As cinco regulares s\u00e3o as das Casas Legislativas de Desterro, Cacimbas, Itaporanga, Aguiar e Mato Grosso.<\/p>\n\n\n\n<p>Os conselheiros votaram tamb\u00e9m, \u00e0 unanimidade,&nbsp; pela regularidade das presta\u00e7\u00f5es de contas das secretarias da Receita e da Educa\u00e7\u00e3o e Cultura de Jo\u00e3o Pessoa, ambas referentes ao exerc\u00edcio de 2015. Foram julgadas irregulares a presta\u00e7\u00e3o de contas \/2014 da C\u00e2mara de Vereadores de Campina Grande, e Presta\u00e7\u00e3o de contas \/2017 do Instituto de Previd\u00eancia e Assist\u00eancia de Bom Jesus.<\/p>\n\n\n\n<p>Ao examinar processos relativos a concursos p\u00fablicos, o colegiado&nbsp;votou pela regularidade de certames promovidos para provimento de cargos pelas prefeituras de Sum\u00e9 e Catingueira. E, em seguida, pela legalidade e deferimento de registro dos atos de nomea\u00e7\u00e3o decorrentes, parte integrante dos processos 17069\/18 e 16517\/19.<\/p>\n\n\n\n<p><strong>Acumula\u00e7\u00e3o de cargos<\/strong>&nbsp;\u2013 Exame do processo n\u00ba 16870\/18, resultou na concess\u00e3o de prazo de 30 dias ao prefeito de Mataraca, Egberto Coutinho Madruga, para provid\u00eancias necess\u00e1rias a resolver situa\u00e7\u00f5es de acumula\u00e7\u00e3o irregular de cargos p\u00fablicos, apontadas pela Auditoria da Corte em Inspe\u00e7\u00e3o Especial de Gest\u00e3o de Pessoal realizada no munic\u00edpio. \u201cA perman\u00eancia das falhas resultar\u00e1 em multa e repercuss\u00e3o negativa na presta\u00e7\u00e3o de contas\u201d, advertiu o colegiado na decis\u00e3o.<\/p>\n\n\n\n<p><strong>Den\u00fancias<\/strong>&nbsp;e&nbsp;<strong>Licita\u00e7\u00f5es<\/strong>&nbsp;\u2013 Por aus\u00eancia de comprova\u00e7\u00e3o nos autos, a C\u00e2mara votou pela improced\u00eancia da maioria das den\u00fancias dos processos em pauta origin\u00e1rios deste tipo de representa\u00e7\u00e3o \u00e0 Corte. Entre os quais, o processo n\u00ba 11602\/20<strong>,&nbsp;<\/strong>envolvendo a C\u00e2mara Municipal de Jo\u00e3o Pessoa sobre suposta irregularidade em dez atos de contrata\u00e7\u00f5es para cargos de assessoria. A den\u00fancia foi julgada improcedente, e o processo mandado ao arquivo ap\u00f3s o colegiado acatar defesa da Casa Legislativa comprovando, nos autos, tratar-se de atos regulares de reposi\u00e7\u00e3o de pessoal, sem aumento de despesas.<\/p>\n\n\n\n<p>An\u00e1lise dos processos n\u00ba 09731\/18 e n\u00ba 17813\/19 levou o colegiado a concluir pela regularidade com ressalvas de procedimentos licitat\u00f3rios do Detran e do Fundo Municipal de Sa\u00fade de Campina Grande, destinados, respectivamente, a contrata\u00e7\u00e3o de servi\u00e7os especializados de tecnologia da informa\u00e7\u00e3o, e de ambulat\u00f3rio espec\u00edfico em oftalmologia.<\/p>\n\n\n\n<p>A sess\u00e3o de n\u00famero 3.003 serviu ainda \u00e0 an\u00e1lise de representa\u00e7\u00f5es, recursos e verifica\u00e7\u00e3o de cumprimento de decis\u00f5es anteriores da Corte; al\u00e9m do exame de dezenas de pedidos de aposentadorias e pens\u00f5es de servidores p\u00fablicos e\/ou dependentes.<\/p>\n\n\n\n<p>Presidida pelo conselheiro Andr\u00e9 Carlo Torres Pontes, contou ainda com as presen\u00e7as dos conselheiros em exerc\u00edcio Ant\u00f4nio Cl\u00e1udio Silva Santos e Oscar Mamede Santiago Melo, al\u00e9m do procurador Marc\u00edlio Toscano Franca Filho, atuando pelo Minist\u00e9rio P\u00fablico de Contas.<\/p>\n","protected":false},"excerpt":{"rendered":"<p>A 2\u00aa C\u00e2mara do Tribunal de Contas da Para\u00edba aprovou,&nbsp;durante sess\u00e3o por videoconfer\u00eancia,&nbsp;nesta ter\u00e7a-feira (8), as presta\u00e7\u00f5es de contas de sete C\u00e2maras de Vereadores, todas&hellip; <\/p>\n","protected":false},"author":2,"featured_media":187645,"comment_status":"closed","ping_status":"closed","sticky":false,"template":"","format":"standard","meta":{"sfsi_plus_gutenberg_text_before_share":"","sfsi_plus_gutenberg_show_text_before_share":"","sfsi_plus_gutenberg_icon_type":"","sfsi_plus_gutenberg_icon_alignemt":"","sfsi_plus_gutenburg_max_per_row":"","footnotes":""},"categories":[2],"tags":[],"class_list":["post-187644","post","type-post","status-publish","format-standard","has-post-thumbnail","hentry","category-geral"],"_links":{"self":[{"href":"https:\/\/www.caririemacao.com\/1\/wp-json\/wp\/v2\/posts\/187644","targetHints":{"allow":["GET"]}}],"collection":[{"href":"https:\/\/www.caririemacao.com\/1\/wp-json\/wp\/v2\/posts"}],"about":[{"href":"https:\/\/www.caririemacao.com\/1\/wp-json\/wp\/v2\/types\/post"}],"author":[{"embeddable":true,"href":"https:\/\/www.caririemacao.com\/1\/wp-json\/wp\/v2\/users\/2"}],"replies":[{"embeddable":true,"href":"https:\/\/www.caririemacao.com\/1\/wp-json\/wp\/v2\/comments?post=187644"}],"version-history":[{"count":1,"href":"https:\/\/www.caririemacao.com\/1\/wp-json\/wp\/v2\/posts\/187644\/revisions"}],"predecessor-version":[{"id":187646,"href":"https:\/\/www.caririemacao.com\/1\/wp-json\/wp\/v2\/posts\/187644\/revisions\/187646"}],"wp:featuredmedia":[{"embeddable":true,"href":"https:\/\/www.caririemacao.com\/1\/wp-json\/wp\/v2\/media\/187645"}],"wp:attachment":[{"href":"https:\/\/www.caririemacao.com\/1\/wp-json\/wp\/v2\/media?parent=187644"}],"wp:term":[{"taxonomy":"category","embeddable":true,"href":"https:\/\/www.caririemacao.com\/1\/wp-json\/wp\/v2\/categories?post=187644"},{"taxonomy":"post_tag","embeddable":true,"href":"https:\/\/www.caririemacao.com\/1\/wp-json\/wp\/v2\/tags?post=187644"}],"curies":[{"name":"wp","href":"https:\/\/api.w.org\/{rel}","templated":true}]}}