{"id":187648,"date":"2020-09-10T08:27:27","date_gmt":"2020-09-10T11:27:27","guid":{"rendered":"https:\/\/www.caririemacao.com\/1\/?p=187648"},"modified":"2020-09-10T08:27:27","modified_gmt":"2020-09-10T11:27:27","slug":"pf-prende-servidor-da-justica-na-paraiba-suspeito-de-fornecer-listas-de-eleitores-a-terceiros","status":"publish","type":"post","link":"https:\/\/www.caririemacao.com\/1\/2020\/09\/10\/pf-prende-servidor-da-justica-na-paraiba-suspeito-de-fornecer-listas-de-eleitores-a-terceiros\/","title":{"rendered":"PF prende servidor da Justi\u00e7a na Para\u00edba suspeito de fornecer listas de eleitores a terceiros"},"content":{"rendered":"\n<h1 class=\"wp-block-heading\"><\/h1>\n\n\n\n<p>Um servidor da Justi\u00e7a da Para\u00edba foi preso pela Pol\u00edcia Federal suspeito de corrup\u00e7\u00e3o passiva, em Patos, Sert\u00e3o do estado. A pris\u00e3o aconteceu em flagrante na noite de ter\u00e7a-feira (8).<\/p>\n\n\n\n<p>De acordo com a Pol\u00edcia Federal, o homem seria servidor da Justi\u00e7a da Para\u00edba e atuava na Justi\u00e7a Eleitoral. Ele \u00e9 suspeito de fornecer listas de eleitores do munic\u00edpio de Passagem, tamb\u00e9m no Sert\u00e3o, a terceiros.<\/p>\n\n\n\n<p>Ele foi preso em flagrante suspeito de corrup\u00e7\u00e3o passiva e o caso ser\u00e1 investigado em sigilo pela Delegacia da Pol\u00edcia Federal em Patos.<\/p>\n\n\n\n<p><em>G1 PB<\/em><\/p>\n","protected":false},"excerpt":{"rendered":"<p>Um servidor da Justi\u00e7a da Para\u00edba foi preso pela Pol\u00edcia Federal suspeito de corrup\u00e7\u00e3o passiva, em Patos, Sert\u00e3o do estado. A pris\u00e3o aconteceu em flagrante&hellip; <\/p>\n","protected":false},"author":2,"featured_media":187649,"comment_status":"closed","ping_status":"closed","sticky":false,"template":"","format":"standard","meta":{"sfsi_plus_gutenberg_text_before_share":"","sfsi_plus_gutenberg_show_text_before_share":"","sfsi_plus_gutenberg_icon_type":"","sfsi_plus_gutenberg_icon_alignemt":"","sfsi_plus_gutenburg_max_per_row":"","footnotes":""},"categories":[12],"tags":[],"class_list":["post-187648","post","type-post","status-publish","format-standard","has-post-thumbnail","hentry","category-policia"],"_links":{"self":[{"href":"https:\/\/www.caririemacao.com\/1\/wp-json\/wp\/v2\/posts\/187648","targetHints":{"allow":["GET"]}}],"collection":[{"href":"https:\/\/www.caririemacao.com\/1\/wp-json\/wp\/v2\/posts"}],"about":[{"href":"https:\/\/www.caririemacao.com\/1\/wp-json\/wp\/v2\/types\/post"}],"author":[{"embeddable":true,"href":"https:\/\/www.caririemacao.com\/1\/wp-json\/wp\/v2\/users\/2"}],"replies":[{"embeddable":true,"href":"https:\/\/www.caririemacao.com\/1\/wp-json\/wp\/v2\/comments?post=187648"}],"version-history":[{"count":1,"href":"https:\/\/www.caririemacao.com\/1\/wp-json\/wp\/v2\/posts\/187648\/revisions"}],"predecessor-version":[{"id":187650,"href":"https:\/\/www.caririemacao.com\/1\/wp-json\/wp\/v2\/posts\/187648\/revisions\/187650"}],"wp:featuredmedia":[{"embeddable":true,"href":"https:\/\/www.caririemacao.com\/1\/wp-json\/wp\/v2\/media\/187649"}],"wp:attachment":[{"href":"https:\/\/www.caririemacao.com\/1\/wp-json\/wp\/v2\/media?parent=187648"}],"wp:term":[{"taxonomy":"category","embeddable":true,"href":"https:\/\/www.caririemacao.com\/1\/wp-json\/wp\/v2\/categories?post=187648"},{"taxonomy":"post_tag","embeddable":true,"href":"https:\/\/www.caririemacao.com\/1\/wp-json\/wp\/v2\/tags?post=187648"}],"curies":[{"name":"wp","href":"https:\/\/api.w.org\/{rel}","templated":true}]}}