{"id":187807,"date":"2020-09-11T07:57:34","date_gmt":"2020-09-11T10:57:34","guid":{"rendered":"https:\/\/www.caririemacao.com\/1\/?p=187807"},"modified":"2020-09-11T07:57:34","modified_gmt":"2020-09-11T10:57:34","slug":"em-final-de-contrato-com-sbt-rachel-sheherazade-ataca-flavio-bolsonaro-ao-vivo-durante-telejornal","status":"publish","type":"post","link":"https:\/\/www.caririemacao.com\/1\/2020\/09\/11\/em-final-de-contrato-com-sbt-rachel-sheherazade-ataca-flavio-bolsonaro-ao-vivo-durante-telejornal\/","title":{"rendered":"Em final de contrato com SBT, Rachel Sheherazade ataca Fl\u00e1vio Bolsonaro ao vivo durante telejornal"},"content":{"rendered":"\n<h3 class=\"wp-block-heading\"><\/h3>\n\n\n\n<hr class=\"wp-block-separator\"\/>\n\n\n\n<p>O an\u00fancio do&nbsp;<strong><a href=\"https:\/\/wscom.com.br\/paraibana-rachel-sheherazade-e-dispensada-pelo-sbt-apos-9-anos\/\" target=\"_blank\" rel=\"noreferrer noopener\">fim do contrato entre SBT e Rachel Sheherazade<\/a><\/strong>&nbsp;motivou a jornalista, na noite da \u00faltima ter\u00e7a-feira (8), a tomar uma atitude. Na apresenta\u00e7\u00e3o do SBT Brasil, a \u00e2ncora rasgou o verbo contra o senador Fl\u00e1vio Bolsonaro (Republicanos-RJ) e durante uma not\u00edcia trocou a palavra&nbsp;<strong>\u201crachadinhas\u201d por \u201ccrime de peculato\u201d<\/strong>.<\/p>\n\n\n\n<p>A declara\u00e7\u00e3o da jornalista paraibana veio \u00e0 tona durante uma not\u00edcia envolvendo a opera\u00e7\u00e3o Furna da On\u00e7a deflagrada pela Pol\u00edcia Federal envolvendo o esc\u00e2ndalo das rachadinhas na Assembleia Legislativa do Rio de Janeiro.<\/p>\n\n\n\n<p>A emissora tem posicionado a favor do governo Bolsonaro e a posi\u00e7\u00e3o de Sheherazade pegou todos de surpresa. No principal telejornal do canal paulista, Rachel disparou ao vivo: \u201c\u2026Opera\u00e7\u00e3o Furna da On\u00e7a, que apura a pr\u00e1tica de rachadinhas. N\u00e3o\u2026 Rachadinhas, n\u00e3o. A palavra certa \u00e9 peculato, crime de peculato na Assembleia Legislativa do Rio de Janeiro\u201d disse ela ao cutucar o senador, filho de Bolsonaro.https:\/\/platform.twitter.com\/embed\/index.html?dnt=true&amp;embedId=twitter-widget-0&amp;frame=false&amp;hideCard=false&amp;hideThread=false&amp;id=1303470823509037056&amp;lang=pt&amp;origin=https%3A%2F%2Fwscom.com.br%2Fem-final-de-contrato-com-sbt-rachel-sheherazade-ataca-flavio-bolsonaro-ao-vivo-em-telejornal%2F&amp;theme=light&amp;widgetsVersion=219d021%3A1598982042171&amp;width=550px<\/p>\n\n\n\n<h3 class=\"wp-block-heading\"><strong>Sobre o fim do contrato<\/strong><\/h3>\n\n\n\n<p>Ap\u00f3s 9 anos, o SBT decidiu pelo fim da parceria com a paraibana, que foi contratada pela casa ap\u00f3s a repercuss\u00e3o de seus coment\u00e1rios no telejornal local da TV Tamba\u00fa, na Para\u00edba. Silvio viu e gostou.<\/p>\n\n\n\n<p>Em 2011, Rachel Sheherazade estreou ao lado de Joseval Peixoto na bancada do SBT Brasil. Rumores sobre o fim do acordo com a emissora come\u00e7aram ap\u00f3s as opini\u00f5es da jornalista contra o Governo Bolsonaro e at\u00e9 pedidos velados de patrocinadores pela sua sa\u00edda da TV da fam\u00edlia Abravanel.<\/p>\n","protected":false},"excerpt":{"rendered":"<p>O an\u00fancio do&nbsp;fim do contrato entre SBT e Rachel Sheherazade&nbsp;motivou a jornalista, na noite da \u00faltima ter\u00e7a-feira (8), a tomar uma atitude. Na apresenta\u00e7\u00e3o do&hellip; <\/p>\n","protected":false},"author":2,"featured_media":187808,"comment_status":"closed","ping_status":"closed","sticky":false,"template":"","format":"standard","meta":{"sfsi_plus_gutenberg_text_before_share":"","sfsi_plus_gutenberg_show_text_before_share":"","sfsi_plus_gutenberg_icon_type":"","sfsi_plus_gutenberg_icon_alignemt":"","sfsi_plus_gutenburg_max_per_row":"","footnotes":""},"categories":[50,2],"tags":[],"class_list":["post-187807","post","type-post","status-publish","format-standard","has-post-thumbnail","hentry","category-destaque","category-geral"],"_links":{"self":[{"href":"https:\/\/www.caririemacao.com\/1\/wp-json\/wp\/v2\/posts\/187807","targetHints":{"allow":["GET"]}}],"collection":[{"href":"https:\/\/www.caririemacao.com\/1\/wp-json\/wp\/v2\/posts"}],"about":[{"href":"https:\/\/www.caririemacao.com\/1\/wp-json\/wp\/v2\/types\/post"}],"author":[{"embeddable":true,"href":"https:\/\/www.caririemacao.com\/1\/wp-json\/wp\/v2\/users\/2"}],"replies":[{"embeddable":true,"href":"https:\/\/www.caririemacao.com\/1\/wp-json\/wp\/v2\/comments?post=187807"}],"version-history":[{"count":1,"href":"https:\/\/www.caririemacao.com\/1\/wp-json\/wp\/v2\/posts\/187807\/revisions"}],"predecessor-version":[{"id":187809,"href":"https:\/\/www.caririemacao.com\/1\/wp-json\/wp\/v2\/posts\/187807\/revisions\/187809"}],"wp:featuredmedia":[{"embeddable":true,"href":"https:\/\/www.caririemacao.com\/1\/wp-json\/wp\/v2\/media\/187808"}],"wp:attachment":[{"href":"https:\/\/www.caririemacao.com\/1\/wp-json\/wp\/v2\/media?parent=187807"}],"wp:term":[{"taxonomy":"category","embeddable":true,"href":"https:\/\/www.caririemacao.com\/1\/wp-json\/wp\/v2\/categories?post=187807"},{"taxonomy":"post_tag","embeddable":true,"href":"https:\/\/www.caririemacao.com\/1\/wp-json\/wp\/v2\/tags?post=187807"}],"curies":[{"name":"wp","href":"https:\/\/api.w.org\/{rel}","templated":true}]}}