{"id":188110,"date":"2020-09-14T08:13:53","date_gmt":"2020-09-14T11:13:53","guid":{"rendered":"https:\/\/www.caririemacao.com\/1\/?p=188110"},"modified":"2020-09-14T08:13:53","modified_gmt":"2020-09-14T11:13:53","slug":"numero-de-doacoes-de-medula-ossea-cai-30-devido-a-pandemia","status":"publish","type":"post","link":"https:\/\/www.caririemacao.com\/1\/2020\/09\/14\/numero-de-doacoes-de-medula-ossea-cai-30-devido-a-pandemia\/","title":{"rendered":"N\u00famero de doa\u00e7\u00f5es de medula \u00f3ssea cai 30% devido \u00e0 pandemia"},"content":{"rendered":"\n<h2 class=\"wp-block-heading\"><\/h2>\n\n\n\n<p>O n\u00famero de doa\u00e7\u00f5es de medula \u00f3ssea caiu 30% de janeiro a julho com rela\u00e7\u00e3o ao mesmo per\u00edodo do ano passado, de acordo com informa\u00e7\u00f5es do Registro de Doadores de Medula \u00d3ssea no Brasil (Redome). Neste ano foram cadastrados 136.754 novos doadores, totalizando 5.212.391 doadores cadastrados no sistema.<img decoding=\"async\" data-src=\"https:\/\/agenciabrasil.ebc.com.br\/ebc.png?id=1387822&amp;o=node\" src=\"data:image\/svg+xml;base64,PHN2ZyB3aWR0aD0iMSIgaGVpZ2h0PSIxIiB4bWxucz0iaHR0cDovL3d3dy53My5vcmcvMjAwMC9zdmciPjwvc3ZnPg==\" class=\"lazyload\"><img decoding=\"async\" data-src=\"https:\/\/agenciabrasil.ebc.com.br\/ebc.gif?id=1387822&amp;o=node\" src=\"data:image\/svg+xml;base64,PHN2ZyB3aWR0aD0iMSIgaGVpZ2h0PSIxIiB4bWxucz0iaHR0cDovL3d3dy53My5vcmcvMjAwMC9zdmciPjwvc3ZnPg==\" class=\"lazyload\"><\/p>\n\n\n\n<p>Atualmente h\u00e1 850 pacientes na fila de espera para o transplante de medula com a doa\u00e7\u00e3o de n\u00e3o aparentados, ou seja, aquelas em que o doador n\u00e3o tem nenhum grau de parentesco com o receptor.<\/p>\n\n\n\n<p>Para chamar aten\u00e7\u00e3o sobre a import\u00e2ncia da doa\u00e7\u00e3o de medula \u00f3ssea e de outros \u00f3rg\u00e3os, o m\u00eas de setembro \u00e9 destacado com a cor verde e por meio da campanha Setembro Verde s\u00e3o realizadas a\u00e7\u00f5es e eventos para esclarecimento e conscientiza\u00e7\u00e3o da popula\u00e7\u00e3o sobre o impacto da doa\u00e7\u00e3o como um ato de amor ao pr\u00f3ximo e na vida de quem aguarda na fila por um transplante.<\/p>\n\n\n\n<p>De acordo com o Minist\u00e9rio da Sa\u00fade, as doa\u00e7\u00f5es e transplantes de medula \u00f3ssea n\u00e3o foram interrompidos por causa da pandemia da covid-19, mas est\u00e3o sendo aplicadas algumas restri\u00e7\u00f5es de seguran\u00e7a, descritas em notas t\u00e9cnicas publicadas no portal da Ag\u00eancia Nacional de Vigil\u00e2ncia Sanit\u00e1ria (Anvisa). Entretanto, o minist\u00e9rio ressaltou que o novo coronav\u00edrus impactou em toda a cadeia de assist\u00eancia de sa\u00fade, tornando necess\u00e1ria a estrutura, recursos humanos e insumos para o atendimento dos pacientes com covid-10 nos estados e munic\u00edpios.<\/p>\n\n\n\n<p>Segundo o minist\u00e9rio, por esse motivo houve redu\u00e7\u00e3o nos n\u00fameros de doa\u00e7\u00e3o, assim como o observado em pa\u00edses da Europa acometidos pela pandemia antes do Brasil. O n\u00famero de transplantes tamb\u00e9m sofreu queda ao passar de 1.811 de janeiro a junho de 2019 para 1.144 no mesmo per\u00edodo de 2020.<\/p>\n\n\n\n<p>Para ser doador de medula \u00e9 preciso ter entre 18 e 55 anos, estar em bom estado geral de sa\u00fade, n\u00e3o ter doen\u00e7a infecciosa ou incapacitante, n\u00e3o ter c\u00e2ncer, doen\u00e7as no sangue ou do sistema imunol\u00f3gico. Algumas complica\u00e7\u00f5es de sa\u00fade n\u00e3o s\u00e3o impeditivas para doa\u00e7\u00e3o, sendo analisado caso a caso.<\/p>\n\n\n\n<p>Para receber a doa\u00e7\u00e3o \u00e9 preciso fazer inscri\u00e7\u00e3o e entrar em uma fila no Registro de Receptores de Medula \u00d3ssea (Rereme) do Instituto Nacional do C\u00e2ncer (Inca), com autoriza\u00e7\u00e3o de m\u00e9dico avalizado pelo Minist\u00e9rio da Sa\u00fade. Assim que o paciente entra no Rereme, ocorre a primeira tentativa de encontrar um doador. A partir disso, o pr\u00f3prio sistema refaz a busca todos os dias e um resultado preliminar aponta uma lista de poss\u00edveis doadores compat\u00edveis.<\/p>\n\n\n\n<p>A busca tamb\u00e9m \u00e9 feita na Rede BrasilCord, que cont\u00e9m os dados de cord\u00f5es umbilicais armazenados nos Bancos P\u00fablicos de Sangue de Cord\u00e3o Umbilical e Placent\u00e1rio. Caso n\u00e3o seja encontrado um doador brasileiro, a equipe de registro faz a busca internacional simultaneamente.<\/p>\n\n\n\n<p>Os crit\u00e9rios de prioridade na lista s\u00e3o definidos de acordo com compatibilidade, gravidade, idade, tempo de espera, disponibilidade de doadores e disponibilidade de leitos. Para que seja feito um transplante de medula \u00e9 necess\u00e1rio a total compatibilidade entre doador e receptor, informou o Minist\u00e9rio da Sa\u00fade.<\/p>\n\n\n\n<p>O hematologista Roberto Luiz da Silva,&nbsp;especializado em oncologia, ressaltou a necessidade de conscientizar a popula\u00e7\u00e3o ao fato de que a pandemia trouxe \u00e0 humanidade o chamado novo normal. \u201cPor isso, temos que prosseguir com os tratamentos. O hospital garante atendimento seguro e diferenciado para todos os pacientes que necessitam de transplante de medula \u00f3ssea. A doa\u00e7\u00e3o salva vidas e pode ser op\u00e7\u00e3o de tratamento para mais de 80 tipos de doen\u00e7as,\u201d disse.<\/p>\n\n\n\n<p>De acordo com o m\u00e9dico, a queda no n\u00famero de doa\u00e7\u00f5es tem sido atribu\u00edda \u00e0 diminui\u00e7\u00e3o de campanhas de mobiliza\u00e7\u00e3o, para que se evite aglomera\u00e7\u00f5es, ou por receio das pessoas de sa\u00edrem de casa, com medo de contrair o novo coronav\u00edrus. Ele destacou que hospitais e hemocentros brasileiros seguem as determina\u00e7\u00f5es de \u00f3rg\u00e3os de sa\u00fade oficiais, como o Minist\u00e9rio da Sa\u00fade, Anvisa, Sociedade Brasileira de Transplante de Medula \u00d3ssea (SBTMO) e Sociedade Europeia para Transplante de Medula e Sangue (EBMT), com protocolos rigorosos para evitar contamina\u00e7\u00f5es e a prolifera\u00e7\u00e3o da doen\u00e7a.<\/p>\n\n\n\n<p>\u201cO distanciamento seguro entre as pessoas \u00e9 fortemente observado. Al\u00e9m disso, proceder com a aferi\u00e7\u00e3o de temperatura, incentivar o uso, que \u00e9 obrigat\u00f3rio, de m\u00e1scaras faciais espec\u00edficas para cada situa\u00e7\u00e3o, fornecer \u00e1lcool em gel por todas as \u00e1reas e separar pacientes, de maneira distinta, em suspeitos, confirmados e negativados para a doen\u00e7a s\u00e3o a\u00e7\u00f5es adotadas com extremo rigor no hospital.\u201d<\/p>\n","protected":false},"excerpt":{"rendered":"<p>O n\u00famero de doa\u00e7\u00f5es de medula \u00f3ssea caiu 30% de janeiro a julho com rela\u00e7\u00e3o ao mesmo per\u00edodo do ano passado, de acordo com informa\u00e7\u00f5es&hellip; <\/p>\n","protected":false},"author":2,"featured_media":188111,"comment_status":"closed","ping_status":"closed","sticky":false,"template":"","format":"standard","meta":{"sfsi_plus_gutenberg_text_before_share":"","sfsi_plus_gutenberg_show_text_before_share":"","sfsi_plus_gutenberg_icon_type":"","sfsi_plus_gutenberg_icon_alignemt":"","sfsi_plus_gutenburg_max_per_row":"","footnotes":""},"categories":[2],"tags":[],"class_list":["post-188110","post","type-post","status-publish","format-standard","has-post-thumbnail","hentry","category-geral"],"_links":{"self":[{"href":"https:\/\/www.caririemacao.com\/1\/wp-json\/wp\/v2\/posts\/188110","targetHints":{"allow":["GET"]}}],"collection":[{"href":"https:\/\/www.caririemacao.com\/1\/wp-json\/wp\/v2\/posts"}],"about":[{"href":"https:\/\/www.caririemacao.com\/1\/wp-json\/wp\/v2\/types\/post"}],"author":[{"embeddable":true,"href":"https:\/\/www.caririemacao.com\/1\/wp-json\/wp\/v2\/users\/2"}],"replies":[{"embeddable":true,"href":"https:\/\/www.caririemacao.com\/1\/wp-json\/wp\/v2\/comments?post=188110"}],"version-history":[{"count":1,"href":"https:\/\/www.caririemacao.com\/1\/wp-json\/wp\/v2\/posts\/188110\/revisions"}],"predecessor-version":[{"id":188112,"href":"https:\/\/www.caririemacao.com\/1\/wp-json\/wp\/v2\/posts\/188110\/revisions\/188112"}],"wp:featuredmedia":[{"embeddable":true,"href":"https:\/\/www.caririemacao.com\/1\/wp-json\/wp\/v2\/media\/188111"}],"wp:attachment":[{"href":"https:\/\/www.caririemacao.com\/1\/wp-json\/wp\/v2\/media?parent=188110"}],"wp:term":[{"taxonomy":"category","embeddable":true,"href":"https:\/\/www.caririemacao.com\/1\/wp-json\/wp\/v2\/categories?post=188110"},{"taxonomy":"post_tag","embeddable":true,"href":"https:\/\/www.caririemacao.com\/1\/wp-json\/wp\/v2\/tags?post=188110"}],"curies":[{"name":"wp","href":"https:\/\/api.w.org\/{rel}","templated":true}]}}