{"id":188117,"date":"2020-09-14T08:20:42","date_gmt":"2020-09-14T11:20:42","guid":{"rendered":"https:\/\/www.caririemacao.com\/1\/?p=188117"},"modified":"2020-09-14T08:20:42","modified_gmt":"2020-09-14T11:20:42","slug":"crianca-de-dois-anos-morre-atropelada-apos-pai-dar-marcha-a-re-em-veiculo-em-sao-bento","status":"publish","type":"post","link":"https:\/\/www.caririemacao.com\/1\/2020\/09\/14\/crianca-de-dois-anos-morre-atropelada-apos-pai-dar-marcha-a-re-em-veiculo-em-sao-bento\/","title":{"rendered":"Crian\u00e7a de dois anos morre atropelada ap\u00f3s pai dar marcha \u00e0 r\u00e9 em ve\u00edculo em S\u00e3o Bento"},"content":{"rendered":"\n<h1 class=\"wp-block-heading\"><\/h1>\n\n\n\n<p>Uma crian\u00e7a de dois anos morreu neste domingo (13), ap\u00f3s ser atropelada pelo pai ao dar marcha \u00e0 r\u00e9 no ve\u00edculo, na cidade de S\u00e3o Bento, na Para\u00edba. De acordo com informa\u00e7\u00f5es, o pai da menina entrou no ve\u00edculo e a crian\u00e7a correu para a parte de tr\u00e1s sem ser vista.<\/p>\n\n\n\n<figure class=\"wp-block-image\"><img decoding=\"async\" data-src=\"https:\/\/www.clickpb.com.br\/media\/filer_public\/f0\/6b\/f06bff41-409a-4955-8b04-8e1b117697ec\/whatsapp_image_2020-09-14_at_064046.jpeg\" alt=\"\" src=\"data:image\/svg+xml;base64,PHN2ZyB3aWR0aD0iMSIgaGVpZ2h0PSIxIiB4bWxucz0iaHR0cDovL3d3dy53My5vcmcvMjAwMC9zdmciPjwvc3ZnPg==\" class=\"lazyload\" \/><\/figure>\n\n\n\n<p>O ve\u00edculo acabou passando por cima da crian\u00e7a que morreu ainda no local.&nbsp;A menina \u00e9&nbsp;sobrinha-neta da vereadora e pr\u00e9-candidata,&nbsp;Domelice Banana.&nbsp;<\/p>\n\n\n\n<p>Por causa da trag\u00e9dia as conven\u00e7\u00f5es que seriam realizadas no domingo (13), foram adiadas.&nbsp;<\/p>\n\n\n\n<figure class=\"wp-block-image\"><img decoding=\"async\" data-src=\"https:\/\/www.clickpb.com.br\/media\/filer_public\/34\/62\/34623c5e-6462-4216-8e28-b8dc663a12f8\/whatsapp_image_2020-09-14_at_064045.jpeg\" alt=\"\" src=\"data:image\/svg+xml;base64,PHN2ZyB3aWR0aD0iMSIgaGVpZ2h0PSIxIiB4bWxucz0iaHR0cDovL3d3dy53My5vcmcvMjAwMC9zdmciPjwvc3ZnPg==\" class=\"lazyload\" \/><\/figure>\n","protected":false},"excerpt":{"rendered":"<p>Uma crian\u00e7a de dois anos morreu neste domingo (13), ap\u00f3s ser atropelada pelo pai ao dar marcha \u00e0 r\u00e9 no ve\u00edculo, na cidade de S\u00e3o&hellip; <\/p>\n","protected":false},"author":2,"featured_media":188118,"comment_status":"closed","ping_status":"closed","sticky":false,"template":"","format":"standard","meta":{"sfsi_plus_gutenberg_text_before_share":"","sfsi_plus_gutenberg_show_text_before_share":"","sfsi_plus_gutenberg_icon_type":"","sfsi_plus_gutenberg_icon_alignemt":"","sfsi_plus_gutenburg_max_per_row":"","footnotes":""},"categories":[12],"tags":[],"class_list":["post-188117","post","type-post","status-publish","format-standard","has-post-thumbnail","hentry","category-policia"],"_links":{"self":[{"href":"https:\/\/www.caririemacao.com\/1\/wp-json\/wp\/v2\/posts\/188117","targetHints":{"allow":["GET"]}}],"collection":[{"href":"https:\/\/www.caririemacao.com\/1\/wp-json\/wp\/v2\/posts"}],"about":[{"href":"https:\/\/www.caririemacao.com\/1\/wp-json\/wp\/v2\/types\/post"}],"author":[{"embeddable":true,"href":"https:\/\/www.caririemacao.com\/1\/wp-json\/wp\/v2\/users\/2"}],"replies":[{"embeddable":true,"href":"https:\/\/www.caririemacao.com\/1\/wp-json\/wp\/v2\/comments?post=188117"}],"version-history":[{"count":1,"href":"https:\/\/www.caririemacao.com\/1\/wp-json\/wp\/v2\/posts\/188117\/revisions"}],"predecessor-version":[{"id":188119,"href":"https:\/\/www.caririemacao.com\/1\/wp-json\/wp\/v2\/posts\/188117\/revisions\/188119"}],"wp:featuredmedia":[{"embeddable":true,"href":"https:\/\/www.caririemacao.com\/1\/wp-json\/wp\/v2\/media\/188118"}],"wp:attachment":[{"href":"https:\/\/www.caririemacao.com\/1\/wp-json\/wp\/v2\/media?parent=188117"}],"wp:term":[{"taxonomy":"category","embeddable":true,"href":"https:\/\/www.caririemacao.com\/1\/wp-json\/wp\/v2\/categories?post=188117"},{"taxonomy":"post_tag","embeddable":true,"href":"https:\/\/www.caririemacao.com\/1\/wp-json\/wp\/v2\/tags?post=188117"}],"curies":[{"name":"wp","href":"https:\/\/api.w.org\/{rel}","templated":true}]}}