{"id":188136,"date":"2020-09-14T08:40:14","date_gmt":"2020-09-14T11:40:14","guid":{"rendered":"https:\/\/www.caririemacao.com\/1\/?p=188136"},"modified":"2020-09-14T08:40:14","modified_gmt":"2020-09-14T11:40:14","slug":"sume-registra-01-caso-positivo-neste-domingo-13","status":"publish","type":"post","link":"https:\/\/www.caririemacao.com\/1\/2020\/09\/14\/sume-registra-01-caso-positivo-neste-domingo-13\/","title":{"rendered":"Sum\u00e9 registra 01 caso positivo neste domingo, 13"},"content":{"rendered":"\n<h1 class=\"wp-block-heading\"><\/h1>\n\n\n\n<p>A Secretaria Municipal de Sa\u00fade de Sum\u00e9 informa que 01 caso positivo foi registrado neste domingo, 13.<\/p>\n\n\n\n<p>Trata-se de uma paciente do sexo feminino, 38 anos, sem comorbidades, residente no bairro Alto Alegre.<\/p>\n\n\n\n<p>N\u00e3o foram registrados casos recuperados na data de hoje.<\/p>\n\n\n\n<p>N\u00e3o se descuide, cubra bem o nariz e a boca e evite aglomera\u00e7\u00f5es, use \u00e1lcool em gel 70%, e ao sair use m\u00e1scara.<\/p>\n\n\n\n<p>Ascom PMS<\/p>\n","protected":false},"excerpt":{"rendered":"<p>A Secretaria Municipal de Sa\u00fade de Sum\u00e9 informa que 01 caso positivo foi registrado neste domingo, 13. Trata-se de uma paciente do sexo feminino, 38&hellip; <\/p>\n","protected":false},"author":2,"featured_media":188137,"comment_status":"closed","ping_status":"closed","sticky":false,"template":"","format":"standard","meta":{"sfsi_plus_gutenberg_text_before_share":"","sfsi_plus_gutenberg_show_text_before_share":"","sfsi_plus_gutenberg_icon_type":"","sfsi_plus_gutenberg_icon_alignemt":"","sfsi_plus_gutenburg_max_per_row":"","footnotes":""},"categories":[50,2],"tags":[],"class_list":["post-188136","post","type-post","status-publish","format-standard","has-post-thumbnail","hentry","category-destaque","category-geral"],"_links":{"self":[{"href":"https:\/\/www.caririemacao.com\/1\/wp-json\/wp\/v2\/posts\/188136","targetHints":{"allow":["GET"]}}],"collection":[{"href":"https:\/\/www.caririemacao.com\/1\/wp-json\/wp\/v2\/posts"}],"about":[{"href":"https:\/\/www.caririemacao.com\/1\/wp-json\/wp\/v2\/types\/post"}],"author":[{"embeddable":true,"href":"https:\/\/www.caririemacao.com\/1\/wp-json\/wp\/v2\/users\/2"}],"replies":[{"embeddable":true,"href":"https:\/\/www.caririemacao.com\/1\/wp-json\/wp\/v2\/comments?post=188136"}],"version-history":[{"count":1,"href":"https:\/\/www.caririemacao.com\/1\/wp-json\/wp\/v2\/posts\/188136\/revisions"}],"predecessor-version":[{"id":188138,"href":"https:\/\/www.caririemacao.com\/1\/wp-json\/wp\/v2\/posts\/188136\/revisions\/188138"}],"wp:featuredmedia":[{"embeddable":true,"href":"https:\/\/www.caririemacao.com\/1\/wp-json\/wp\/v2\/media\/188137"}],"wp:attachment":[{"href":"https:\/\/www.caririemacao.com\/1\/wp-json\/wp\/v2\/media?parent=188136"}],"wp:term":[{"taxonomy":"category","embeddable":true,"href":"https:\/\/www.caririemacao.com\/1\/wp-json\/wp\/v2\/categories?post=188136"},{"taxonomy":"post_tag","embeddable":true,"href":"https:\/\/www.caririemacao.com\/1\/wp-json\/wp\/v2\/tags?post=188136"}],"curies":[{"name":"wp","href":"https:\/\/api.w.org\/{rel}","templated":true}]}}