{"id":188142,"date":"2020-09-14T08:45:51","date_gmt":"2020-09-14T11:45:51","guid":{"rendered":"https:\/\/www.caririemacao.com\/1\/?p=188142"},"modified":"2020-09-14T08:45:51","modified_gmt":"2020-09-14T11:45:51","slug":"futuro-de-flordelis-esta-nas-maos-da-camara-apos-morte-de-anderson-do-carmo","status":"publish","type":"post","link":"https:\/\/www.caririemacao.com\/1\/2020\/09\/14\/futuro-de-flordelis-esta-nas-maos-da-camara-apos-morte-de-anderson-do-carmo\/","title":{"rendered":"Futuro de Flordelis est\u00e1 nas m\u00e3os da C\u00e2mara ap\u00f3s morte de Anderson do Carmo"},"content":{"rendered":"\n<h1 class=\"wp-block-heading\"><\/h1>\n\n\n\n<p>Primeiro, a decad\u00eancia das suas igrejas. Em seguida, a perda do contrato com a gravadora gospel MK Music. Pastora, cantora e deputada federal,&nbsp;&nbsp;<a href=\"https:\/\/ultimosegundo.ig.com.br\/brasil\/2020-09-09\/flordelis-e-notificada-pela-corregedoria-da-camara-dos-deputados.html\">Flordelis dos Santos de Souza<\/a>&nbsp;enfrenta agora o risco de perder o mandato de parlamentar. Mais do que a \u00fanica fun\u00e7\u00e3o ainda capaz de lhe render lucros, o mandato \u00e9 tamb\u00e9m o que ainda a mant\u00e9m em liberdade. Ao se tornar r\u00e9 por ser mandante da morte do marido, Flordelis s\u00f3 n\u00e3o teve a pris\u00e3o pedida \u00e0 Justi\u00e7a por ter imunidade parlamentar, uma prerrogativa prevista na Constitui\u00e7\u00e3o Federal. Caso perca o cargo de deputada, a ida da pastora para a cadeia \u00e9 iminente.<\/p>\n\n\n\n<p>O destino de&nbsp;<strong>Flordelis<\/strong>&nbsp;deve ser decidido nos pr\u00f3ximos meses. Na \u00faltima semana, teve in\u00edcio o processo disciplinar contra ela na Corregedoria da C\u00e2mara dos Deputados. Depois de duas tentativas frustradas, a parlamentar foi notificada na \u00faltima quarta-feira para apresentar sua defesa em um prazo de cinco dias \u00fateis, que pode ser prorrogado por igual per\u00edodo.<\/p>\n\n\n\n<p>O processo contra&nbsp;<strong>Flordelis<\/strong>&nbsp;ainda \u00e9 longo. Ap\u00f3s a apresenta\u00e7\u00e3o da defesa da deputada, a corregedoria vai encaminhar um relat\u00f3rio com seu parecer sobre o caso \u00e0 Mesa Diretora da Casa. O relat\u00f3rio ter\u00e1 que ser aprovado, e s\u00f3 ent\u00e3o vira uma representa\u00e7\u00e3o e ser\u00e1 enviada \u00e0 Comiss\u00e3o de \u00c9tica e Decoro Parlamentar. Nela, ter\u00e1 que passar por nova aprova\u00e7\u00e3o para, apenas em seguida, ser encaminhado ao plen\u00e1rio. S\u00f3 ent\u00e3o haver\u00e1 a vota\u00e7\u00e3o final que decidir\u00e1 o destino de Flordelis.<\/p>\n\n\n\n<p>A deputada poder\u00e1 apresentar defesa em todas as etapas \u2014 al\u00e9m da corregedoria, Mesa da Diretora, Comiss\u00e3o de \u00c9tica e Plen\u00e1rio da casa.<\/p>\n\n\n\n<p>Os tr\u00e2mites podem demorar ainda mais porque as sess\u00f5es das comiss\u00f5es da C\u00e2mara dos Deputados est\u00e3o suspensas em raz\u00e3o da pandemia do novo coronav\u00edrus. Corregedor da casa, o deputado Paulo Bengtson (PTB-PA) apresentou, no fim do m\u00eas passado, um projeto de resolu\u00e7\u00e3o que autoriza o Conselho de \u00c9tica a realizar reuni\u00f5es virtuais, o que \u00e9 proibido atualmente. A previs\u00e3o \u00e9 de que ele seja votado apenas na pr\u00f3xima semana. Em entrevista ao EXTRA, Bengtson explicou que ap\u00f3s apresenta\u00e7\u00e3o da defesa, a corregedoria tem um prazo de 45 dias para emitir seu parecer, mas isso deve acontecer em, no m\u00e1ximo, 15 dias.<\/p>\n\n\n\n<p>\u201cFizemos uma for\u00e7a-tarefa para analisar as 8 mil p\u00e1ginas de inqu\u00e9rito, material que nos foi enviado pelo auxiliar de acusa\u00e7\u00e3o (advogado \u00c2ngelo M\u00e1ximo, que atua no processo da 3\u00aa Vara Criminal de Niter\u00f3i). Com isso, estamos conseguindo adiantar nosso trabalho para dar uma resposta r\u00e1pida para a sociedade. A Casa est\u00e1 atenta, pois \u00e9 um caso de grande como\u00e7\u00e3o nacional\u201d, detalha.<\/p>\n\n\n\n<p>O deputado evita estimar o tempo que deve levar para o processo chegar ao fim. O corregedor explica tamb\u00e9m que, al\u00e9m da perda de mandato, a Comiss\u00e3o de \u00c9tica pode decidir pela suspens\u00e3o do mandato da pastora por seis meses ou at\u00e9 pelo arquivamento do caso, hip\u00f3tese que ele considera pouco prov\u00e1vel.<\/p>\n\n\n\n<h3 class=\"wp-block-heading\">Acusada de quebra de decoro<\/h3>\n\n\n\n<p>O processo que pode culminar com a perda do mandato de&nbsp;<strong>Flordelis<\/strong>&nbsp;teve in\u00edcio com uma representa\u00e7\u00e3o do deputado federal Leo Motta (PSL-MG) \u00e0 Mesa Diretora da C\u00e2mara dos Deputados. A den\u00fancia encaminhada pelo parlamentar foi de que a pastora teve \u201catos incompat\u00edveis com o decoro parlamentar\u201d.<\/p>\n\n\n\n<p>A falta de decoro pode se dar pelo abuso das prerrogativas de parlamentar, recebimento de vantagens indevidas ou praticar irregularidades graves no desempenho do mandato que afetem a dignidade da representa\u00e7\u00e3o popular.<\/p>\n\n\n\n<p>O deputado Paulo Bengtson esclarece que o processo disciplinar n\u00e3o se prop\u00f5e a julgar Flordelis pelos crimes respondidos por ela:<\/p>\n\n\n\n<p>\u201cTodo o processo criminal serve de base para o nosso relat\u00f3rio. Mas nossa an\u00e1lise ser\u00e1 se houve quebra de decoro e n\u00e3o a parte criminal. Iss o \u00e9 importante ficar bem claro\u201d, explica o parlamentar.<\/p>\n\n\n\n<p>Al\u00e9m das provas relativas ao assassinato de Anderson, da qual Flordelis \u00e9 acusada de ser mandante, est\u00e3o sob an\u00e1lise os ind\u00edcios de rachadinha \u2014 quando parte do sal\u00e1rio do assessor fica com o pol\u00edtico \u2014 e nepotismo \u2014 pr\u00e1tica pela qual um agente p\u00fablico usa de sua fun\u00e7\u00e3o para contratar ou nomear parentes \u2014 no gabinete da pastora.<\/p>\n","protected":false},"excerpt":{"rendered":"<p>Primeiro, a decad\u00eancia das suas igrejas. Em seguida, a perda do contrato com a gravadora gospel MK Music. Pastora, cantora e deputada federal,&nbsp;&nbsp;Flordelis dos Santos&hellip; <\/p>\n","protected":false},"author":2,"featured_media":188143,"comment_status":"closed","ping_status":"closed","sticky":false,"template":"","format":"standard","meta":{"sfsi_plus_gutenberg_text_before_share":"","sfsi_plus_gutenberg_show_text_before_share":"","sfsi_plus_gutenberg_icon_type":"","sfsi_plus_gutenberg_icon_alignemt":"","sfsi_plus_gutenburg_max_per_row":"","footnotes":""},"categories":[2],"tags":[],"class_list":["post-188142","post","type-post","status-publish","format-standard","has-post-thumbnail","hentry","category-geral"],"_links":{"self":[{"href":"https:\/\/www.caririemacao.com\/1\/wp-json\/wp\/v2\/posts\/188142","targetHints":{"allow":["GET"]}}],"collection":[{"href":"https:\/\/www.caririemacao.com\/1\/wp-json\/wp\/v2\/posts"}],"about":[{"href":"https:\/\/www.caririemacao.com\/1\/wp-json\/wp\/v2\/types\/post"}],"author":[{"embeddable":true,"href":"https:\/\/www.caririemacao.com\/1\/wp-json\/wp\/v2\/users\/2"}],"replies":[{"embeddable":true,"href":"https:\/\/www.caririemacao.com\/1\/wp-json\/wp\/v2\/comments?post=188142"}],"version-history":[{"count":1,"href":"https:\/\/www.caririemacao.com\/1\/wp-json\/wp\/v2\/posts\/188142\/revisions"}],"predecessor-version":[{"id":188144,"href":"https:\/\/www.caririemacao.com\/1\/wp-json\/wp\/v2\/posts\/188142\/revisions\/188144"}],"wp:featuredmedia":[{"embeddable":true,"href":"https:\/\/www.caririemacao.com\/1\/wp-json\/wp\/v2\/media\/188143"}],"wp:attachment":[{"href":"https:\/\/www.caririemacao.com\/1\/wp-json\/wp\/v2\/media?parent=188142"}],"wp:term":[{"taxonomy":"category","embeddable":true,"href":"https:\/\/www.caririemacao.com\/1\/wp-json\/wp\/v2\/categories?post=188142"},{"taxonomy":"post_tag","embeddable":true,"href":"https:\/\/www.caririemacao.com\/1\/wp-json\/wp\/v2\/tags?post=188142"}],"curies":[{"name":"wp","href":"https:\/\/api.w.org\/{rel}","templated":true}]}}