{"id":188157,"date":"2020-09-14T10:23:00","date_gmt":"2020-09-14T13:23:00","guid":{"rendered":"https:\/\/www.caririemacao.com\/1\/?p=188157"},"modified":"2020-09-14T10:23:00","modified_gmt":"2020-09-14T13:23:00","slug":"morre-segunda-vitima-de-acidente-de-moto-ocorrido-no-cariri-paraibano","status":"publish","type":"post","link":"https:\/\/www.caririemacao.com\/1\/2020\/09\/14\/morre-segunda-vitima-de-acidente-de-moto-ocorrido-no-cariri-paraibano\/","title":{"rendered":"Morre segunda v\u00edtima de acidente de moto ocorrido no Cariri paraibano"},"content":{"rendered":"\n<h1 class=\"wp-block-heading\"><\/h1>\n\n\n\n<p>Morreu neste \u00faltimo s\u00e1bado, dia 12, a segunda v\u00edtima de um acidente de moto ocorrido na \u00faltima ter\u00e7a-feira, 18, no S\u00edtio Bra\u00fanas, em S\u00e3o Jo\u00e3o do Tigre, no Cariri paraibano.<\/p>\n\n\n\n<p>O jovem Matheus Ademir, de 19 anos, morreu no local do acidente.<\/p>\n\n\n\n<p>O segundo ocupante da moto, Matheus Marcolino de Lira, tinha sido transferido em estado grave para o Hospital de Emerg\u00eancia e Trauma de Campina Grande, onde n\u00e3o resistiu e faleceu na tarde deste s\u00e1bado.<\/p>\n","protected":false},"excerpt":{"rendered":"<p>Morreu neste \u00faltimo s\u00e1bado, dia 12, a segunda v\u00edtima de um acidente de moto ocorrido na \u00faltima ter\u00e7a-feira, 18, no S\u00edtio Bra\u00fanas, em S\u00e3o Jo\u00e3o&hellip; <\/p>\n","protected":false},"author":2,"featured_media":188158,"comment_status":"closed","ping_status":"closed","sticky":false,"template":"","format":"standard","meta":{"sfsi_plus_gutenberg_text_before_share":"","sfsi_plus_gutenberg_show_text_before_share":"","sfsi_plus_gutenberg_icon_type":"","sfsi_plus_gutenberg_icon_alignemt":"","sfsi_plus_gutenburg_max_per_row":"","footnotes":""},"categories":[2],"tags":[],"class_list":["post-188157","post","type-post","status-publish","format-standard","has-post-thumbnail","hentry","category-geral"],"_links":{"self":[{"href":"https:\/\/www.caririemacao.com\/1\/wp-json\/wp\/v2\/posts\/188157","targetHints":{"allow":["GET"]}}],"collection":[{"href":"https:\/\/www.caririemacao.com\/1\/wp-json\/wp\/v2\/posts"}],"about":[{"href":"https:\/\/www.caririemacao.com\/1\/wp-json\/wp\/v2\/types\/post"}],"author":[{"embeddable":true,"href":"https:\/\/www.caririemacao.com\/1\/wp-json\/wp\/v2\/users\/2"}],"replies":[{"embeddable":true,"href":"https:\/\/www.caririemacao.com\/1\/wp-json\/wp\/v2\/comments?post=188157"}],"version-history":[{"count":1,"href":"https:\/\/www.caririemacao.com\/1\/wp-json\/wp\/v2\/posts\/188157\/revisions"}],"predecessor-version":[{"id":188159,"href":"https:\/\/www.caririemacao.com\/1\/wp-json\/wp\/v2\/posts\/188157\/revisions\/188159"}],"wp:featuredmedia":[{"embeddable":true,"href":"https:\/\/www.caririemacao.com\/1\/wp-json\/wp\/v2\/media\/188158"}],"wp:attachment":[{"href":"https:\/\/www.caririemacao.com\/1\/wp-json\/wp\/v2\/media?parent=188157"}],"wp:term":[{"taxonomy":"category","embeddable":true,"href":"https:\/\/www.caririemacao.com\/1\/wp-json\/wp\/v2\/categories?post=188157"},{"taxonomy":"post_tag","embeddable":true,"href":"https:\/\/www.caririemacao.com\/1\/wp-json\/wp\/v2\/tags?post=188157"}],"curies":[{"name":"wp","href":"https:\/\/api.w.org\/{rel}","templated":true}]}}