{"id":188161,"date":"2020-09-14T10:28:08","date_gmt":"2020-09-14T13:28:08","guid":{"rendered":"https:\/\/www.caririemacao.com\/1\/?p=188161"},"modified":"2020-09-14T10:28:08","modified_gmt":"2020-09-14T13:28:08","slug":"festa-de-nossa-senhora-dos-milagres-2020-foi-encerrada-neste-domingo-13-confira-alguns-momentos","status":"publish","type":"post","link":"https:\/\/www.caririemacao.com\/1\/2020\/09\/14\/festa-de-nossa-senhora-dos-milagres-2020-foi-encerrada-neste-domingo-13-confira-alguns-momentos\/","title":{"rendered":"Festa de Nossa Senhora dos Milagres 2020 foi encerrada neste domingo 13, confira alguns momentos"},"content":{"rendered":"\n<h1 class=\"wp-block-heading\"><\/h1>\n\n\n\n<p>A festa de Nossa Senhora dos Milagres 2020 teve in\u00edcio no dia 4 de setembro, contou com uma programa\u00e7\u00e3o rica, com celebra\u00e7\u00f5es eucar\u00edsticas celebradas por padres da regi\u00e3o, com uma grande organiza\u00e7\u00e3o no controle de fi\u00e9is nas missas, higieniza\u00e7\u00e3o, e uso obrigat\u00f3rio de m\u00e1scaras.<\/p>\n\n\n\n<p>A programa\u00e7\u00e3o contou ainda com lives celebrando cada momento que \u00e9 tradicional durante a festa, como o jantar dos casais, a noite dos vaqueiros, o pavilh\u00e3o das crian\u00e7as e o s\u00e1bado da juventude.<\/p>\n\n\n\n<p>O encerramento foi realizado neste domingo 13, com missa ao ar livre, o santu\u00e1rio espalhou quase 2000 (duas mil) cadeiras na rua,e todas foram ocupadas por fi\u00e9is e filhos da cidade, a festa de Nossa Senhora dos Milagres 2020 foi mais do nunca voltada para os filhos de S\u00e3o Jo\u00e3o do Cariri, que este ano puderam participar ativamente da programa\u00e7\u00e3o.<\/p>\n\n\n\n<p>A imagem da padroeira percorreu as ruas da cidade relembrando a grande e tradicional prociss\u00e3o, enquanto os fi\u00e9is \u00e0 esperavam na igreja para a tradicional coroa\u00e7\u00e3o e queima de fogos.<\/p>\n\n\n\n<p>A coroa\u00e7\u00e3o foi realizada por uma fam\u00edlia que venceu o Covid-19 na cidade. Foi momento de grandes emo\u00e7\u00f5es, lembran\u00e7as e esperan\u00e7a de no pr\u00f3ximo ano voltar a transformar as ruas da cidade m\u00e3e do Cariri paraibano em \u2018um mar de gente\u2019 e agradecer por vencer a luta contra esse v\u00edrus.<\/p>\n","protected":false},"excerpt":{"rendered":"<p>A festa de Nossa Senhora dos Milagres 2020 teve in\u00edcio no dia 4 de setembro, contou com uma programa\u00e7\u00e3o rica, com celebra\u00e7\u00f5es eucar\u00edsticas celebradas por&hellip; <\/p>\n","protected":false},"author":2,"featured_media":188162,"comment_status":"closed","ping_status":"closed","sticky":false,"template":"","format":"standard","meta":{"sfsi_plus_gutenberg_text_before_share":"","sfsi_plus_gutenberg_show_text_before_share":"","sfsi_plus_gutenberg_icon_type":"","sfsi_plus_gutenberg_icon_alignemt":"","sfsi_plus_gutenburg_max_per_row":"","footnotes":""},"categories":[2],"tags":[],"class_list":["post-188161","post","type-post","status-publish","format-standard","has-post-thumbnail","hentry","category-geral"],"_links":{"self":[{"href":"https:\/\/www.caririemacao.com\/1\/wp-json\/wp\/v2\/posts\/188161","targetHints":{"allow":["GET"]}}],"collection":[{"href":"https:\/\/www.caririemacao.com\/1\/wp-json\/wp\/v2\/posts"}],"about":[{"href":"https:\/\/www.caririemacao.com\/1\/wp-json\/wp\/v2\/types\/post"}],"author":[{"embeddable":true,"href":"https:\/\/www.caririemacao.com\/1\/wp-json\/wp\/v2\/users\/2"}],"replies":[{"embeddable":true,"href":"https:\/\/www.caririemacao.com\/1\/wp-json\/wp\/v2\/comments?post=188161"}],"version-history":[{"count":1,"href":"https:\/\/www.caririemacao.com\/1\/wp-json\/wp\/v2\/posts\/188161\/revisions"}],"predecessor-version":[{"id":188163,"href":"https:\/\/www.caririemacao.com\/1\/wp-json\/wp\/v2\/posts\/188161\/revisions\/188163"}],"wp:featuredmedia":[{"embeddable":true,"href":"https:\/\/www.caririemacao.com\/1\/wp-json\/wp\/v2\/media\/188162"}],"wp:attachment":[{"href":"https:\/\/www.caririemacao.com\/1\/wp-json\/wp\/v2\/media?parent=188161"}],"wp:term":[{"taxonomy":"category","embeddable":true,"href":"https:\/\/www.caririemacao.com\/1\/wp-json\/wp\/v2\/categories?post=188161"},{"taxonomy":"post_tag","embeddable":true,"href":"https:\/\/www.caririemacao.com\/1\/wp-json\/wp\/v2\/tags?post=188161"}],"curies":[{"name":"wp","href":"https:\/\/api.w.org\/{rel}","templated":true}]}}