{"id":188526,"date":"2020-09-16T15:29:05","date_gmt":"2020-09-16T18:29:05","guid":{"rendered":"https:\/\/www.caririemacao.com\/1\/?p=188526"},"modified":"2020-09-16T15:29:05","modified_gmt":"2020-09-16T18:29:05","slug":"bolsonaro-cumpre-agenda-na-paraiba-nesta-quinta-17","status":"publish","type":"post","link":"https:\/\/www.caririemacao.com\/1\/2020\/09\/16\/bolsonaro-cumpre-agenda-na-paraiba-nesta-quinta-17\/","title":{"rendered":"Bolsonaro cumpre agenda na Para\u00edba nesta quinta (17)"},"content":{"rendered":"\n<p class=\"wp-block-paragraph\">O presidente da Rep\u00fablica, Jair Bolsonaro (sem partido) vem \u00e0 Para\u00edba nesta quinta-feira (17) para a inaugura\u00e7\u00e3o da Usina Fotovoltaica de Coremas e divulga\u00e7\u00e3o do Programa de Efici\u00eancia Energ\u00e9tica (PEE), no complexo solar de Coremas.<\/p>\n\n\n\n<p class=\"wp-block-paragraph\">Em comunicado oficial emitido pela Secretaria de Imprensa do Pal\u00e1cio do Planalto, o presidente deve chegar ao evento por volta de meio dia, onde participa da inaugura\u00e7\u00e3o da usina e, em seguida, participa da cerim\u00f4nia de divulga\u00e7\u00e3o do PEE.<\/p>\n\n\n\n<p class=\"wp-block-paragraph\">Um dia antes da chegada do presidente ao munic\u00edpio, bandidos explodiram uma ag\u00eancia banc\u00e1ria na cidade, incendiaram um ve\u00edculo e fugiram atirando para cima.<\/p>\n\n\n\n<p class=\"wp-block-paragraph\">Esta \u00e9 a segunda visita do presidente \u00e0 Para\u00edba, a primeira aconteceu em 2019, quando ele participou da inaugura\u00e7\u00e3o do Complexo Habitacional Alu\u00edzio Campos, em Campina Grande<\/p>\n\n\n\n<p class=\"wp-block-paragraph\">Por Para\u00edba Master<\/p>\n","protected":false},"excerpt":{"rendered":"<p>O presidente da Rep\u00fablica, Jair Bolsonaro (sem partido) vem \u00e0 Para\u00edba nesta quinta-feira (17) para a inaugura\u00e7\u00e3o da Usina Fotovoltaica de Coremas e divulga\u00e7\u00e3o do Programa de Efici\u00eancia Energ\u00e9tica (PEE), no complexo solar de Coremas. Em comunicado oficial emitido pela Secretaria de Imprensa do Pal\u00e1cio do Planalto, o presidente deve chegar ao evento por volta de meio dia, onde participa da inaugura\u00e7\u00e3o da usina e, em seguida, participa da cerim\u00f4nia de divulga\u00e7\u00e3o do PEE. Um dia antes da chegada do presidente ao munic\u00edpio, bandidos explodiram uma ag\u00eancia banc\u00e1ria na cidade, incendiaram um ve\u00edculo e fugiram atirando para cima. Esta \u00e9 a segunda visita do presidente \u00e0 Para\u00edba, a primeira aconteceu em 2019, quando ele participou da inaugura\u00e7\u00e3o do Complexo Habitacional Alu\u00edzio Campos, em Campina Grande Por Para\u00edba Master<\/p>\n","protected":false},"author":1,"featured_media":188527,"comment_status":"closed","ping_status":"closed","sticky":false,"template":"","format":"standard","meta":{"sfsi_plus_gutenberg_text_before_share":"","sfsi_plus_gutenberg_show_text_before_share":"","sfsi_plus_gutenberg_icon_type":"","sfsi_plus_gutenberg_icon_alignemt":"","sfsi_plus_gutenburg_max_per_row":"","footnotes":""},"categories":[98],"tags":[],"class_list":["post-188526","post","type-post","status-publish","format-standard","has-post-thumbnail","hentry","category-presidente"],"_links":{"self":[{"href":"https:\/\/www.caririemacao.com\/1\/wp-json\/wp\/v2\/posts\/188526","targetHints":{"allow":["GET"]}}],"collection":[{"href":"https:\/\/www.caririemacao.com\/1\/wp-json\/wp\/v2\/posts"}],"about":[{"href":"https:\/\/www.caririemacao.com\/1\/wp-json\/wp\/v2\/types\/post"}],"author":[{"embeddable":true,"href":"https:\/\/www.caririemacao.com\/1\/wp-json\/wp\/v2\/users\/1"}],"replies":[{"embeddable":true,"href":"https:\/\/www.caririemacao.com\/1\/wp-json\/wp\/v2\/comments?post=188526"}],"version-history":[{"count":1,"href":"https:\/\/www.caririemacao.com\/1\/wp-json\/wp\/v2\/posts\/188526\/revisions"}],"predecessor-version":[{"id":188528,"href":"https:\/\/www.caririemacao.com\/1\/wp-json\/wp\/v2\/posts\/188526\/revisions\/188528"}],"wp:featuredmedia":[{"embeddable":true,"href":"https:\/\/www.caririemacao.com\/1\/wp-json\/wp\/v2\/media\/188527"}],"wp:attachment":[{"href":"https:\/\/www.caririemacao.com\/1\/wp-json\/wp\/v2\/media?parent=188526"}],"wp:term":[{"taxonomy":"category","embeddable":true,"href":"https:\/\/www.caririemacao.com\/1\/wp-json\/wp\/v2\/categories?post=188526"},{"taxonomy":"post_tag","embeddable":true,"href":"https:\/\/www.caririemacao.com\/1\/wp-json\/wp\/v2\/tags?post=188526"}],"curies":[{"name":"wp","href":"https:\/\/api.w.org\/{rel}","templated":true}]}}