{"id":188955,"date":"2020-09-18T19:15:09","date_gmt":"2020-09-18T22:15:09","guid":{"rendered":"https:\/\/www.caririemacao.com\/1\/?p=188955"},"modified":"2020-09-18T19:15:09","modified_gmt":"2020-09-18T22:15:09","slug":"depois-de-relatorio-sobre-desmatamento-governo-da-franca-reitera-oposicao-ao-tratado-comercial-entre-uniao-europeia-e-mercosul","status":"publish","type":"post","link":"https:\/\/www.caririemacao.com\/1\/2020\/09\/18\/depois-de-relatorio-sobre-desmatamento-governo-da-franca-reitera-oposicao-ao-tratado-comercial-entre-uniao-europeia-e-mercosul\/","title":{"rendered":"Depois de relat\u00f3rio sobre desmatamento, governo da Fran\u00e7a reitera oposi\u00e7\u00e3o ao tratado comercial entre Uni\u00e3o Europeia e Mercosul"},"content":{"rendered":"\n<p class=\"wp-block-paragraph\">\u00c1rvore queima em inc\u00eandio no Pantanal, em Pocon\u00e9 (MT), no dia 29 de agosto. \u2014 Foto: Amanda Perobelli\/Reuters<\/p>\n\n\n\n<p class=\"wp-block-paragraph\">Depois de ter tido acesso a um novo relat\u00f3rio sobre desmatamento no Brasil, o governo da\u00a0Fran\u00e7a\u00a0reafirmou, nesta sexta-feira (18), que se\u00a0op\u00f5e \u00e0 vers\u00e3o atual do tratado comercial\u00a0entre a Uni\u00e3o Europeia e o Mercosul.<\/p>\n\n\n\n<blockquote class=\"wp-block-quote is-layout-flow wp-block-quote-is-layout-flow\"><p>A informa\u00e7\u00e3o foi confirmada pelo gabinete do primeiro-ministro Jean Castex. Em uma rede social, ele aparece com o economista Stefan Ambec, um pesquisador da escola de economia de Toulouse e respons\u00e1vel pelo departamento de energia e clima. Na foto, os dois seguram um documento.<\/p><\/blockquote>\n\n\n\n<p class=\"wp-block-paragraph\">Castex afirma que o desmatamento amea\u00e7a a biodiversidade e o clima e que o relat\u00f3rio refor\u00e7a a posi\u00e7\u00e3o da Fran\u00e7a de se opor ao projeto de acordo UE-Mercosul em seu formato atual.<\/p>\n\n\n\n<figure class=\"wp-block-image\"><img decoding=\"async\" src=\"https:\/\/s03.video.glbimg.com\/x240\/8866786.jpg\" alt=\"Fuma\u00e7a das queimadas chega a SP\" title=\"Fuma\u00e7a das queimadas chega a SP\"\/><\/figure>\n\n\n\n<p class=\"wp-block-paragraph\">Fuma\u00e7a das queimadas chega a SP<\/p>\n\n\n\n<p class=\"wp-block-paragraph\">A Fran\u00e7a, em conjunto com outros pa\u00edses da Uni\u00e3o Europeia, pretende impor condi\u00e7\u00f5es ambientais para que as negocia\u00e7\u00f5es prossigam.<\/p>\n\n\n\n<p class=\"wp-block-paragraph\">No texto atual, n\u00e3o h\u00e1 previs\u00e3o de san\u00e7\u00e3o, por exemplo, se os pa\u00edses do Mercosul n\u00e3o fizerem nada para impedir o aumento dos inc\u00eandios ou permitirem que empresas mineradoras destruam reservas ind\u00edgenas.<\/p>\n\n\n\n<p class=\"wp-block-paragraph\">Os europeus se preocupam com o impacto que um acordo pode ter nas florestas da Am\u00e9rica do Sul.<\/p>\n\n\n\n<p class=\"wp-block-paragraph\">Em julho, organiza\u00e7\u00f5es ambientais e de direitos humanos europeias apresentaram um pedido ao ombudsman do bloco para que o processo de ratifica\u00e7\u00e3o do acordo fosse interrompido.<\/p>\n\n\n\n<p class=\"wp-block-paragraph\">Tr\u00eas parlamentos na Europa (\u00c1ustria, Holanda e o da regi\u00e3o da Val\u00f4nia, na B\u00e9lgica) j\u00e1 anunciaram que n\u00e3o dar\u00e3o seu aval ao acordo. Os argumentos para a rejei\u00e7\u00e3o s\u00e3o os mesmos que os das organiza\u00e7\u00f5es n\u00e3o governamentais: quest\u00f5es ambientais.<\/p>\n\n\n\n<p class=\"wp-block-paragraph\">COM G1<\/p>\n","protected":false},"excerpt":{"rendered":"<p>\u00c1rvore queima em inc\u00eandio no Pantanal, em Pocon\u00e9 (MT), no dia 29 de agosto. \u2014 Foto: Amanda Perobelli\/Reuters Depois de ter tido acesso a um novo relat\u00f3rio sobre desmatamento no Brasil, o governo da\u00a0Fran\u00e7a\u00a0reafirmou, nesta sexta-feira (18), que se\u00a0op\u00f5e \u00e0 vers\u00e3o atual do tratado comercial\u00a0entre a Uni\u00e3o Europeia e o Mercosul. A informa\u00e7\u00e3o foi confirmada pelo gabinete do primeiro-ministro Jean Castex. Em uma rede social, ele aparece com o economista Stefan Ambec, um pesquisador da escola de economia de Toulouse e respons\u00e1vel pelo departamento de energia e clima. Na foto, os dois seguram um documento. Castex afirma que o desmatamento amea\u00e7a a biodiversidade e o clima e que o relat\u00f3rio refor\u00e7a a posi\u00e7\u00e3o da Fran\u00e7a de se opor ao projeto de acordo UE-Mercosul em seu formato atual. Fuma\u00e7a das queimadas chega a SP A Fran\u00e7a, em conjunto com outros pa\u00edses da Uni\u00e3o Europeia, pretende impor condi\u00e7\u00f5es ambientais para que as negocia\u00e7\u00f5es prossigam. No texto atual, n\u00e3o h\u00e1 previs\u00e3o de san\u00e7\u00e3o, por exemplo, se os pa\u00edses do Mercosul n\u00e3o fizerem nada para impedir o aumento dos inc\u00eandios ou permitirem que empresas mineradoras destruam reservas ind\u00edgenas. Os europeus se preocupam com o impacto que um acordo pode ter nas florestas da Am\u00e9rica do Sul. Em julho, organiza\u00e7\u00f5es ambientais e de direitos humanos europeias apresentaram um pedido ao ombudsman do bloco para que o processo de ratifica\u00e7\u00e3o do acordo fosse interrompido. Tr\u00eas parlamentos na Europa (\u00c1ustria, Holanda e o da regi\u00e3o da Val\u00f4nia, na B\u00e9lgica) j\u00e1 anunciaram que n\u00e3o dar\u00e3o seu aval ao acordo. Os argumentos para a rejei\u00e7\u00e3o s\u00e3o os mesmos que os das organiza\u00e7\u00f5es n\u00e3o governamentais: quest\u00f5es ambientais. COM G1<\/p>\n","protected":false},"author":1,"featured_media":188960,"comment_status":"closed","ping_status":"closed","sticky":false,"template":"","format":"standard","meta":{"sfsi_plus_gutenberg_text_before_share":"","sfsi_plus_gutenberg_show_text_before_share":"","sfsi_plus_gutenberg_icon_type":"","sfsi_plus_gutenberg_icon_alignemt":"","sfsi_plus_gutenburg_max_per_row":"","footnotes":""},"categories":[50,2],"tags":[],"class_list":["post-188955","post","type-post","status-publish","format-standard","has-post-thumbnail","hentry","category-destaque","category-geral"],"_links":{"self":[{"href":"https:\/\/www.caririemacao.com\/1\/wp-json\/wp\/v2\/posts\/188955","targetHints":{"allow":["GET"]}}],"collection":[{"href":"https:\/\/www.caririemacao.com\/1\/wp-json\/wp\/v2\/posts"}],"about":[{"href":"https:\/\/www.caririemacao.com\/1\/wp-json\/wp\/v2\/types\/post"}],"author":[{"embeddable":true,"href":"https:\/\/www.caririemacao.com\/1\/wp-json\/wp\/v2\/users\/1"}],"replies":[{"embeddable":true,"href":"https:\/\/www.caririemacao.com\/1\/wp-json\/wp\/v2\/comments?post=188955"}],"version-history":[{"count":1,"href":"https:\/\/www.caririemacao.com\/1\/wp-json\/wp\/v2\/posts\/188955\/revisions"}],"predecessor-version":[{"id":188961,"href":"https:\/\/www.caririemacao.com\/1\/wp-json\/wp\/v2\/posts\/188955\/revisions\/188961"}],"wp:featuredmedia":[{"embeddable":true,"href":"https:\/\/www.caririemacao.com\/1\/wp-json\/wp\/v2\/media\/188960"}],"wp:attachment":[{"href":"https:\/\/www.caririemacao.com\/1\/wp-json\/wp\/v2\/media?parent=188955"}],"wp:term":[{"taxonomy":"category","embeddable":true,"href":"https:\/\/www.caririemacao.com\/1\/wp-json\/wp\/v2\/categories?post=188955"},{"taxonomy":"post_tag","embeddable":true,"href":"https:\/\/www.caririemacao.com\/1\/wp-json\/wp\/v2\/tags?post=188955"}],"curies":[{"name":"wp","href":"https:\/\/api.w.org\/{rel}","templated":true}]}}