{"id":189012,"date":"2020-09-19T08:45:03","date_gmt":"2020-09-19T11:45:03","guid":{"rendered":"https:\/\/www.caririemacao.com\/1\/?p=189012"},"modified":"2020-09-19T08:45:03","modified_gmt":"2020-09-19T11:45:03","slug":"mais-09-casos-confirmados-para-covid-19-em-monteiro-nesta-sexta-feira","status":"publish","type":"post","link":"https:\/\/www.caririemacao.com\/1\/2020\/09\/19\/mais-09-casos-confirmados-para-covid-19-em-monteiro-nesta-sexta-feira\/","title":{"rendered":"Mais 09 casos confirmados para Covid-19 em Monteiro nesta sexta-feira"},"content":{"rendered":"\n<p>A Secretaria Municipal de Sa\u00fade de Monteiro informa que nesta Sexta- feira, 18, tivemos mais 09 novos casos CONFIRMADOS para Covid-19.<\/p>\n\n\n\n<p>Sendo 06 (seis) casos 31, 35, 44, 46, 54 e 60 anos sexo feminino e 03 (tr\u00eas) casos 23, 31 e 42 anos sexo masculino.&nbsp;&nbsp;Est\u00e3o sendo monitorados pela equipe de Vigil\u00e2ncia em Sa\u00fade e Unidades B\u00e1sicas de Sa\u00fade do Munic\u00edpio, em isolamento domiciliar.<\/p>\n\n\n\n<p>Foi transferido 01 paciente sexo masculino, 22 anos, portador de doen\u00e7a renal, para o Hospital Pedro I, em Estado Geral Grave, acompanhado pela Equipe do SAMU.&nbsp;<\/p>\n\n\n\n<p>Atualmente os dados do Munic\u00edpio de Monteiro com rela\u00e7\u00e3o aos casos do novo coronav\u00edrus \u00e9 o seguinte: descartados: 2.534; em investiga\u00e7\u00e3o: 85; confirmados 670; recuperados: 618; casos ativos: 44; e desde o in\u00edcio do registro da doen\u00e7a foram confirmados 08 \u00f3bitos.<\/p>\n\n\n\n<p><strong>Os casos de hoje<\/strong>Totalizamos nesta data:&nbsp;03 pacientes no Hospital Pedro I em Campina Grande. Permanecem est\u00e1veis.<\/p>\n\n\n\n<p><strong>Focando Para\u00edba<\/strong><\/p>\n","protected":false},"excerpt":{"rendered":"<p>A Secretaria Municipal de Sa\u00fade de Monteiro informa que nesta Sexta- feira, 18, tivemos mais 09 novos casos CONFIRMADOS para Covid-19. Sendo 06 (seis) casos&hellip; <\/p>\n","protected":false},"author":2,"featured_media":189013,"comment_status":"closed","ping_status":"closed","sticky":false,"template":"","format":"standard","meta":{"sfsi_plus_gutenberg_text_before_share":"","sfsi_plus_gutenberg_show_text_before_share":"","sfsi_plus_gutenberg_icon_type":"","sfsi_plus_gutenberg_icon_alignemt":"","sfsi_plus_gutenburg_max_per_row":"","footnotes":""},"categories":[2],"tags":[],"class_list":["post-189012","post","type-post","status-publish","format-standard","has-post-thumbnail","hentry","category-geral"],"_links":{"self":[{"href":"https:\/\/www.caririemacao.com\/1\/wp-json\/wp\/v2\/posts\/189012","targetHints":{"allow":["GET"]}}],"collection":[{"href":"https:\/\/www.caririemacao.com\/1\/wp-json\/wp\/v2\/posts"}],"about":[{"href":"https:\/\/www.caririemacao.com\/1\/wp-json\/wp\/v2\/types\/post"}],"author":[{"embeddable":true,"href":"https:\/\/www.caririemacao.com\/1\/wp-json\/wp\/v2\/users\/2"}],"replies":[{"embeddable":true,"href":"https:\/\/www.caririemacao.com\/1\/wp-json\/wp\/v2\/comments?post=189012"}],"version-history":[{"count":1,"href":"https:\/\/www.caririemacao.com\/1\/wp-json\/wp\/v2\/posts\/189012\/revisions"}],"predecessor-version":[{"id":189014,"href":"https:\/\/www.caririemacao.com\/1\/wp-json\/wp\/v2\/posts\/189012\/revisions\/189014"}],"wp:featuredmedia":[{"embeddable":true,"href":"https:\/\/www.caririemacao.com\/1\/wp-json\/wp\/v2\/media\/189013"}],"wp:attachment":[{"href":"https:\/\/www.caririemacao.com\/1\/wp-json\/wp\/v2\/media?parent=189012"}],"wp:term":[{"taxonomy":"category","embeddable":true,"href":"https:\/\/www.caririemacao.com\/1\/wp-json\/wp\/v2\/categories?post=189012"},{"taxonomy":"post_tag","embeddable":true,"href":"https:\/\/www.caririemacao.com\/1\/wp-json\/wp\/v2\/tags?post=189012"}],"curies":[{"name":"wp","href":"https:\/\/api.w.org\/{rel}","templated":true}]}}