{"id":189016,"date":"2020-09-19T08:55:01","date_gmt":"2020-09-19T11:55:01","guid":{"rendered":"https:\/\/www.caririemacao.com\/1\/?p=189016"},"modified":"2020-09-19T08:55:01","modified_gmt":"2020-09-19T11:55:01","slug":"fome-alcanca-272-mil-pessoas-em-80-mil-lares-na-paraiba","status":"publish","type":"post","link":"https:\/\/www.caririemacao.com\/1\/2020\/09\/19\/fome-alcanca-272-mil-pessoas-em-80-mil-lares-na-paraiba\/","title":{"rendered":"Fome alcan\u00e7a 272 mil pessoas em 80 mil lares na Para\u00edba"},"content":{"rendered":"\n<p>A inseguran\u00e7a alimentar&nbsp; grave que ocorre quando a fome passa a ser uma experi\u00eancia vivida em um domic\u00edlio, abrangia cerca de 80 mil lares que, juntos, somavam 272 mil moradores e representavam 6,3% do total de domic\u00edlios do estado entre 2017 e 2018. Nesse grau de inseguran\u00e7a alimentar, h\u00e1 redu\u00e7\u00e3o da quantidade de alimentos tamb\u00e9m entre as crian\u00e7as, como resultado da falta de comida. Os dados s\u00e3o da Pesquisa de Or\u00e7amentos Familiares (POF) 2017-2018, divulgados nesta quinta-feira (17), pelo Instituto Brasileiro de Geografia e Estat\u00edstica (IBGE).<\/p>\n\n\n\n<p>Em mais da metade dos domic\u00edlios paraibanos, cerca de 676 mil, h\u00e1 algum tipo de inseguran\u00e7a alimentar. O percentual de fam\u00edlias nessas condi\u00e7\u00f5es no estado (53,5%) foi maior do que as m\u00e9dias do pa\u00eds (36,7%) e do Nordeste (50,3%). O m\u00f3dulo avaliou a situa\u00e7\u00e3o das resid\u00eancias brasileiras em rela\u00e7\u00e3o ao acesso, \u00e0 quantidade e \u00e0 qualidade dos alimentos, sem comprometimento de outras necessidades.<\/p>\n\n\n\n<p>No total, 2,24 milh\u00f5es de pessoas moravam em lares em que havia algum tipo de inseguran\u00e7a alimentar na Para\u00edba. Os n\u00fameros, por\u00e9m, n\u00e3o apontam que todos esses moradores passavam por inseguran\u00e7a alimentar,indicando apenas que habitavam em domic\u00edlios em que essa situa\u00e7\u00e3o acontecia.<\/p>\n\n\n\n<p>Em 33,9% do total de domic\u00edlios paraibanos a situa\u00e7\u00e3o era de inseguran\u00e7a alimentar leve, ou seja, havia preocupa\u00e7\u00e3o ou incerteza quanto ao acesso \u00e0 comida no futuro. Al\u00e9m disso, a qualidade dos alimentos era inadequada, em decorr\u00eancia de estrat\u00e9gias voltadas para o n\u00e3o comprometimento da quantidade. A pesquisa mostra que 1,41 milh\u00e3o de pessoas moravam nas 429 mil resid\u00eancias com essas condi\u00e7\u00f5es.<\/p>\n\n\n\n<p>Por sua vez, a inseguran\u00e7a moderada foi estimada em 13,2% das fam\u00edlias paraibanas, o que indica que, nesses domic\u00edlios, havia redu\u00e7\u00e3o da quantidade de alimentos entre os adultos ou ruptura nos padr\u00f5es de alimenta\u00e7\u00e3o, como resultado da falta de comida. Ao todo, 561 mil pessoas habitavam nas 167 mil resid\u00eancias paraibanas enquadradas nessa situa\u00e7\u00e3o.<\/p>\n\n\n\n<p>Por outro lado, conforme a POF, a Para\u00edba apresentou a 8\u00aa menor propor\u00e7\u00e3o do pa\u00eds de domic\u00edlios com seguran\u00e7a alimentar, de 46,5% do total, o que equivale a 588 mil lares e 1,72 milh\u00e3o de pessoas. Nessa situa\u00e7\u00e3o, as fam\u00edlias t\u00eam acesso regular e permanente a alimentos de qualidade, em quantidade suficiente e sem comprometer o acesso a outras necessidades essenciais. O indicador tamb\u00e9m ficou abaixo das m\u00e9dias nacional (63,3%) e regional (49,7%).<\/p>\n\n\n\n<p>Al\u00e9m disso, na compara\u00e7\u00e3o com os resultados de 2013, obtidos pela Pesquisa Nacional por Amostra de Domic\u00edlios (PNAD), a POF 2017-2018 indica que, na Para\u00edba,nesse intervalo de tempo, houve queda no percentual de domic\u00edlios em situa\u00e7\u00e3o de seguran\u00e7a alimentar, que passou de 63,5% para 46,5%.Nesse mesmo per\u00edodo, tamb\u00e9m foram registradas redu\u00e7\u00f5es no cen\u00e1rio nacional, de 77,4% para 63,3%, e no Nordeste, de 61,9% para 49,7%. Enquanto isso, houve aumento nas situa\u00e7\u00f5es de inseguran\u00e7a.<\/p>\n\n\n\n<p>Portal Correio<\/p>\n","protected":false},"excerpt":{"rendered":"<p>A inseguran\u00e7a alimentar&nbsp; grave que ocorre quando a fome passa a ser uma experi\u00eancia vivida em um domic\u00edlio, abrangia cerca de 80 mil lares que,&hellip; <\/p>\n","protected":false},"author":2,"featured_media":189017,"comment_status":"closed","ping_status":"closed","sticky":false,"template":"","format":"standard","meta":{"sfsi_plus_gutenberg_text_before_share":"","sfsi_plus_gutenberg_show_text_before_share":"","sfsi_plus_gutenberg_icon_type":"","sfsi_plus_gutenberg_icon_alignemt":"","sfsi_plus_gutenburg_max_per_row":"","footnotes":""},"categories":[2],"tags":[],"class_list":["post-189016","post","type-post","status-publish","format-standard","has-post-thumbnail","hentry","category-geral"],"_links":{"self":[{"href":"https:\/\/www.caririemacao.com\/1\/wp-json\/wp\/v2\/posts\/189016","targetHints":{"allow":["GET"]}}],"collection":[{"href":"https:\/\/www.caririemacao.com\/1\/wp-json\/wp\/v2\/posts"}],"about":[{"href":"https:\/\/www.caririemacao.com\/1\/wp-json\/wp\/v2\/types\/post"}],"author":[{"embeddable":true,"href":"https:\/\/www.caririemacao.com\/1\/wp-json\/wp\/v2\/users\/2"}],"replies":[{"embeddable":true,"href":"https:\/\/www.caririemacao.com\/1\/wp-json\/wp\/v2\/comments?post=189016"}],"version-history":[{"count":1,"href":"https:\/\/www.caririemacao.com\/1\/wp-json\/wp\/v2\/posts\/189016\/revisions"}],"predecessor-version":[{"id":189018,"href":"https:\/\/www.caririemacao.com\/1\/wp-json\/wp\/v2\/posts\/189016\/revisions\/189018"}],"wp:featuredmedia":[{"embeddable":true,"href":"https:\/\/www.caririemacao.com\/1\/wp-json\/wp\/v2\/media\/189017"}],"wp:attachment":[{"href":"https:\/\/www.caririemacao.com\/1\/wp-json\/wp\/v2\/media?parent=189016"}],"wp:term":[{"taxonomy":"category","embeddable":true,"href":"https:\/\/www.caririemacao.com\/1\/wp-json\/wp\/v2\/categories?post=189016"},{"taxonomy":"post_tag","embeddable":true,"href":"https:\/\/www.caririemacao.com\/1\/wp-json\/wp\/v2\/tags?post=189016"}],"curies":[{"name":"wp","href":"https:\/\/api.w.org\/{rel}","templated":true}]}}