{"id":189020,"date":"2020-09-19T08:57:01","date_gmt":"2020-09-19T11:57:01","guid":{"rendered":"https:\/\/www.caririemacao.com\/1\/?p=189020"},"modified":"2020-09-19T08:57:01","modified_gmt":"2020-09-19T11:57:01","slug":"conselho-tutelar-de-sume-informa-novo-horario-de-funcionamento","status":"publish","type":"post","link":"https:\/\/www.caririemacao.com\/1\/2020\/09\/19\/conselho-tutelar-de-sume-informa-novo-horario-de-funcionamento\/","title":{"rendered":"Conselho Tutelar de Sum\u00e9 informa novo hor\u00e1rio de funcionamento"},"content":{"rendered":"\n<p>Em virtude da pandemia do coronav\u00edrus, o Conselho Tutelar de Sum\u00e9 est\u00e1 realizando ajustes no hor\u00e1rio do atendimento.<\/p>\n\n\n\n<p>A partir da pr\u00f3xima segunda-feira (21), o Conselho Tutelar estar\u00e1 funcionando das 08h \u00e0s 12h, ap\u00f3s esse hor\u00e1rio os conselheiros estar\u00e3o de sobreaviso.<\/p>\n\n\n\n<p>Ap\u00f3s \u00e0s 12h, a popula\u00e7\u00e3o poder\u00e1 entrar em contato atrav\u00e9s do (83) 99847-0484.<\/p>\n\n\n\n<p><strong><em>Not\u00edcias em Destaque<\/em><\/strong><\/p>\n","protected":false},"excerpt":{"rendered":"<p>Em virtude da pandemia do coronav\u00edrus, o Conselho Tutelar de Sum\u00e9 est\u00e1 realizando ajustes no hor\u00e1rio do atendimento. A partir da pr\u00f3xima segunda-feira (21), o&hellip; <\/p>\n","protected":false},"author":2,"featured_media":139752,"comment_status":"closed","ping_status":"closed","sticky":false,"template":"","format":"standard","meta":{"sfsi_plus_gutenberg_text_before_share":"","sfsi_plus_gutenberg_show_text_before_share":"","sfsi_plus_gutenberg_icon_type":"","sfsi_plus_gutenberg_icon_alignemt":"","sfsi_plus_gutenburg_max_per_row":"","footnotes":""},"categories":[2],"tags":[],"class_list":["post-189020","post","type-post","status-publish","format-standard","has-post-thumbnail","hentry","category-geral"],"_links":{"self":[{"href":"https:\/\/www.caririemacao.com\/1\/wp-json\/wp\/v2\/posts\/189020","targetHints":{"allow":["GET"]}}],"collection":[{"href":"https:\/\/www.caririemacao.com\/1\/wp-json\/wp\/v2\/posts"}],"about":[{"href":"https:\/\/www.caririemacao.com\/1\/wp-json\/wp\/v2\/types\/post"}],"author":[{"embeddable":true,"href":"https:\/\/www.caririemacao.com\/1\/wp-json\/wp\/v2\/users\/2"}],"replies":[{"embeddable":true,"href":"https:\/\/www.caririemacao.com\/1\/wp-json\/wp\/v2\/comments?post=189020"}],"version-history":[{"count":1,"href":"https:\/\/www.caririemacao.com\/1\/wp-json\/wp\/v2\/posts\/189020\/revisions"}],"predecessor-version":[{"id":189021,"href":"https:\/\/www.caririemacao.com\/1\/wp-json\/wp\/v2\/posts\/189020\/revisions\/189021"}],"wp:featuredmedia":[{"embeddable":true,"href":"https:\/\/www.caririemacao.com\/1\/wp-json\/wp\/v2\/media\/139752"}],"wp:attachment":[{"href":"https:\/\/www.caririemacao.com\/1\/wp-json\/wp\/v2\/media?parent=189020"}],"wp:term":[{"taxonomy":"category","embeddable":true,"href":"https:\/\/www.caririemacao.com\/1\/wp-json\/wp\/v2\/categories?post=189020"},{"taxonomy":"post_tag","embeddable":true,"href":"https:\/\/www.caririemacao.com\/1\/wp-json\/wp\/v2\/tags?post=189020"}],"curies":[{"name":"wp","href":"https:\/\/api.w.org\/{rel}","templated":true}]}}