{"id":189023,"date":"2020-09-19T09:12:25","date_gmt":"2020-09-19T12:12:25","guid":{"rendered":"https:\/\/www.caririemacao.com\/1\/?p=189023"},"modified":"2020-09-19T09:12:25","modified_gmt":"2020-09-19T12:12:25","slug":"governo-cria-sistema-que-vai-implantar-tramitacao-de-documentos-em-formato-digital","status":"publish","type":"post","link":"https:\/\/www.caririemacao.com\/1\/2020\/09\/19\/governo-cria-sistema-que-vai-implantar-tramitacao-de-documentos-em-formato-digital\/","title":{"rendered":"Governo cria sistema que vai implantar tramita\u00e7\u00e3o de documentos em formato digital"},"content":{"rendered":"\n<p>O Governo da Para\u00edba passa a substituir gradativamente a produ\u00e7\u00e3o e tramita\u00e7\u00e3o de documentos em papel para formato digital, conforme decreto n\u00ba 40.546, assinado pelo governador Jo\u00e3o Azev\u00eado e publicado na edi\u00e7\u00e3o desta sexta-feira (18) do Di\u00e1rio Oficial do Estado.<\/p>\n\n\n\n<p>O decreto institui o Sistema PBdoc de produ\u00e7\u00e3o, gest\u00e3o, tramita\u00e7\u00e3o, armazenamento, preserva\u00e7\u00e3o, seguran\u00e7a e acesso a documentos e informa\u00e7\u00f5es em ambiente digital.<\/p>\n\n\n\n<p>O principal objetivo do PBDoc \u00e9 produzir documentos e processos eletr\u00f4nicos com seguran\u00e7a, transpar\u00eancia, economicidade, sustentabilidade ambiental e de forma padronizada; imprimir maior efic\u00e1cia e celeridade aos processos administrativos; assegurar \u00e0 prote\u00e7\u00e3o da autoria, da autenticidade, da integridade, da disponibilidade e da legibilidade de documentos digitais, observadas as disposi\u00e7\u00f5es da Lei Federal n\u00ba 12.527, de 18 de novembro de 2011; e assegurar a gest\u00e3o, a preserva\u00e7\u00e3o e a seguran\u00e7a de documentos e processos eletr\u00f4nicos no tempo.<\/p>\n\n\n\n<p>A implanta\u00e7\u00e3o do sistema ser\u00e1 feita por meio da Secretaria de Estado da Administra\u00e7\u00e3o (Sead) e da Companhia de Processamento de Dados da Para\u00edba (Codata), observado cronograma de datas aprovado pelo Comit\u00ea Gestor de Governan\u00e7a (CGG), institu\u00eddo nos termos do decreto n\u00ba 39.271, de 28 de junho de 2019.<\/p>\n\n\n\n<p>Por ser um sistema integrado, de uso de todos \u00f3rg\u00e3os do Governo Estadual, ao passo que as implanta\u00e7\u00f5es forem sendo realizadas, as tramita\u00e7\u00f5es entre os \u00f3rg\u00e3os v\u00e3o ocorrer dentro do PBDoc, desde envios de processos, como a comunica\u00e7\u00e3o atrav\u00e9s de of\u00edcios e circulares.<\/p>\n\n\n\n<p>No prazo de at\u00e9 tr\u00eas anos \u2013 contados da data da publica\u00e7\u00e3o do decreto \u2013, os \u00f3rg\u00e3os e as entidades da Administra\u00e7\u00e3o P\u00fablica do Estado da Para\u00edba dever\u00e3o providenciar a adequa\u00e7\u00e3o de seus sistemas informatizados em opera\u00e7\u00e3o aos requisitos definidos pela Unidade do Arquivo P\u00fablico do Estado da Para\u00edba, bem como a migra\u00e7\u00e3o e a integra\u00e7\u00e3o de sistemas legados com o ambiente digital de gest\u00e3o documental.<\/p>\n","protected":false},"excerpt":{"rendered":"<p>O Governo da Para\u00edba passa a substituir gradativamente a produ\u00e7\u00e3o e tramita\u00e7\u00e3o de documentos em papel para formato digital, conforme decreto n\u00ba 40.546, assinado pelo&hellip; <\/p>\n","protected":false},"author":2,"featured_media":189024,"comment_status":"closed","ping_status":"closed","sticky":false,"template":"","format":"standard","meta":{"sfsi_plus_gutenberg_text_before_share":"","sfsi_plus_gutenberg_show_text_before_share":"","sfsi_plus_gutenberg_icon_type":"","sfsi_plus_gutenberg_icon_alignemt":"","sfsi_plus_gutenburg_max_per_row":"","footnotes":""},"categories":[50,2],"tags":[],"class_list":["post-189023","post","type-post","status-publish","format-standard","has-post-thumbnail","hentry","category-destaque","category-geral"],"_links":{"self":[{"href":"https:\/\/www.caririemacao.com\/1\/wp-json\/wp\/v2\/posts\/189023","targetHints":{"allow":["GET"]}}],"collection":[{"href":"https:\/\/www.caririemacao.com\/1\/wp-json\/wp\/v2\/posts"}],"about":[{"href":"https:\/\/www.caririemacao.com\/1\/wp-json\/wp\/v2\/types\/post"}],"author":[{"embeddable":true,"href":"https:\/\/www.caririemacao.com\/1\/wp-json\/wp\/v2\/users\/2"}],"replies":[{"embeddable":true,"href":"https:\/\/www.caririemacao.com\/1\/wp-json\/wp\/v2\/comments?post=189023"}],"version-history":[{"count":1,"href":"https:\/\/www.caririemacao.com\/1\/wp-json\/wp\/v2\/posts\/189023\/revisions"}],"predecessor-version":[{"id":189025,"href":"https:\/\/www.caririemacao.com\/1\/wp-json\/wp\/v2\/posts\/189023\/revisions\/189025"}],"wp:featuredmedia":[{"embeddable":true,"href":"https:\/\/www.caririemacao.com\/1\/wp-json\/wp\/v2\/media\/189024"}],"wp:attachment":[{"href":"https:\/\/www.caririemacao.com\/1\/wp-json\/wp\/v2\/media?parent=189023"}],"wp:term":[{"taxonomy":"category","embeddable":true,"href":"https:\/\/www.caririemacao.com\/1\/wp-json\/wp\/v2\/categories?post=189023"},{"taxonomy":"post_tag","embeddable":true,"href":"https:\/\/www.caririemacao.com\/1\/wp-json\/wp\/v2\/tags?post=189023"}],"curies":[{"name":"wp","href":"https:\/\/api.w.org\/{rel}","templated":true}]}}