{"id":189027,"date":"2020-09-19T09:14:57","date_gmt":"2020-09-19T12:14:57","guid":{"rendered":"https:\/\/www.caririemacao.com\/1\/?p=189027"},"modified":"2020-09-19T09:14:57","modified_gmt":"2020-09-19T12:14:57","slug":"governo-federal-cria-rede-de-bancos-de-alimentos-para-combater-desperdicio","status":"publish","type":"post","link":"https:\/\/www.caririemacao.com\/1\/2020\/09\/19\/governo-federal-cria-rede-de-bancos-de-alimentos-para-combater-desperdicio\/","title":{"rendered":"Governo Federal cria Rede de Bancos de Alimentos para combater desperd\u00edcio"},"content":{"rendered":"\n<p>Ogoverno federal instituiu a Rede Brasileira de Bancos de Alimentos e seu comit\u00ea gestor para o fortalecimento e a integra\u00e7\u00e3o da atua\u00e7\u00e3o desses bancos no pa\u00eds. O decreto foi publicado hoje (18) no Di\u00e1rio Oficial da Uni\u00e3o.<\/p>\n\n\n\n<p>O objetivo da rede \u00e9 \u201ccontribuir para a diminui\u00e7\u00e3o do desperd\u00edcio de alimentos no pa\u00eds e para a garantia do direito humano \u00e0 alimenta\u00e7\u00e3o adequada\u201d.<\/p>\n\n\n\n<p>A rede dever\u00e1 atuar na promo\u00e7\u00e3o da troca de experi\u00eancias e qualifica\u00e7\u00e3o dos bancos de alimentos e no fomento de pesquisas e de a\u00e7\u00f5es educativas destinadas \u00e0 seguran\u00e7a alimentar e nutricional.<\/p>\n\n\n\n<p>Os bancos de alimentos s\u00e3o estruturas f\u00edsicas ou log\u00edsticas que fazem capta\u00e7\u00e3o ou recep\u00e7\u00e3o e distribui\u00e7\u00e3o gratuita de alimentos doados pelos setores p\u00fablico ou privado, para servi\u00e7os de assist\u00eancia social e institui\u00e7\u00f5es de ensino, por exemplo.<img decoding=\"async\" data-src=\"https:\/\/paraibaonline.com.br\/wp-content\/uploads\/2020\/09\/BATATA.jpg\" alt=\"Foto: Abr\" data-srcset=\"https:\/\/paraibaonline.com.br\/wp-content\/uploads\/2020\/09\/BATATA.jpg 1170w, https:\/\/paraibaonline.com.br\/wp-content\/uploads\/2020\/09\/BATATA-567x339.jpg 567w, https:\/\/paraibaonline.com.br\/wp-content\/uploads\/2020\/09\/BATATA-900x538.jpg 900w\" src=\"data:image\/svg+xml;base64,PHN2ZyB3aWR0aD0iMSIgaGVpZ2h0PSIxIiB4bWxucz0iaHR0cDovL3d3dy53My5vcmcvMjAwMC9zdmciPjwvc3ZnPg==\" class=\"lazyload\"><\/p>\n\n\n\n<p id=\"caption-attachment-928130\">Foto: Abr<\/p>\n\n\n\n<p>Podem participar da rede os bancos sob a gest\u00e3o dos entes federativos, das centrais de abastecimento, dos servi\u00e7os sociais aut\u00f4nomos e das organiza\u00e7\u00f5es da sociedade civil.<\/p>\n\n\n\n<p>O comit\u00ea gestor da rede funcionar\u00e1 no \u00e2mbito do Minist\u00e9rio da Cidadania e ser\u00e1 composto por um membro deste minist\u00e9rio, que o presidir\u00e1, um da Empresa Brasileira de Pesquisa Agropecu\u00e1ria (Embrapa), um da Companhia Nacional de Abastecimento (Conab), tr\u00eas de bancos de alimentos sob gest\u00e3o p\u00fablica, tr\u00eas de organiza\u00e7\u00f5es da sociedade civil que atuem como bancos de alimentos e um do Servi\u00e7o Social do Com\u00e9rcio (Sesc).<\/p>\n\n\n\n<p>Ser\u00e1 realizada uma chamada p\u00fablica para selecionar as entidades p\u00fablicas e as organiza\u00e7\u00f5es da sociedade civil que ter\u00e3o direito ao mandato de quatro anos no comit\u00ea gestor<\/p>\n","protected":false},"excerpt":{"rendered":"<p>Ogoverno federal instituiu a Rede Brasileira de Bancos de Alimentos e seu comit\u00ea gestor para o fortalecimento e a integra\u00e7\u00e3o da atua\u00e7\u00e3o desses bancos no&hellip; <\/p>\n","protected":false},"author":2,"featured_media":188894,"comment_status":"closed","ping_status":"closed","sticky":false,"template":"","format":"standard","meta":{"sfsi_plus_gutenberg_text_before_share":"","sfsi_plus_gutenberg_show_text_before_share":"","sfsi_plus_gutenberg_icon_type":"","sfsi_plus_gutenberg_icon_alignemt":"","sfsi_plus_gutenburg_max_per_row":"","footnotes":""},"categories":[11],"tags":[],"class_list":["post-189027","post","type-post","status-publish","format-standard","has-post-thumbnail","hentry","category-politica"],"_links":{"self":[{"href":"https:\/\/www.caririemacao.com\/1\/wp-json\/wp\/v2\/posts\/189027","targetHints":{"allow":["GET"]}}],"collection":[{"href":"https:\/\/www.caririemacao.com\/1\/wp-json\/wp\/v2\/posts"}],"about":[{"href":"https:\/\/www.caririemacao.com\/1\/wp-json\/wp\/v2\/types\/post"}],"author":[{"embeddable":true,"href":"https:\/\/www.caririemacao.com\/1\/wp-json\/wp\/v2\/users\/2"}],"replies":[{"embeddable":true,"href":"https:\/\/www.caririemacao.com\/1\/wp-json\/wp\/v2\/comments?post=189027"}],"version-history":[{"count":1,"href":"https:\/\/www.caririemacao.com\/1\/wp-json\/wp\/v2\/posts\/189027\/revisions"}],"predecessor-version":[{"id":189028,"href":"https:\/\/www.caririemacao.com\/1\/wp-json\/wp\/v2\/posts\/189027\/revisions\/189028"}],"wp:featuredmedia":[{"embeddable":true,"href":"https:\/\/www.caririemacao.com\/1\/wp-json\/wp\/v2\/media\/188894"}],"wp:attachment":[{"href":"https:\/\/www.caririemacao.com\/1\/wp-json\/wp\/v2\/media?parent=189027"}],"wp:term":[{"taxonomy":"category","embeddable":true,"href":"https:\/\/www.caririemacao.com\/1\/wp-json\/wp\/v2\/categories?post=189027"},{"taxonomy":"post_tag","embeddable":true,"href":"https:\/\/www.caririemacao.com\/1\/wp-json\/wp\/v2\/tags?post=189027"}],"curies":[{"name":"wp","href":"https:\/\/api.w.org\/{rel}","templated":true}]}}