{"id":189034,"date":"2020-09-19T09:46:15","date_gmt":"2020-09-19T12:46:15","guid":{"rendered":"https:\/\/www.caririemacao.com\/1\/?p=189034"},"modified":"2020-09-19T09:46:15","modified_gmt":"2020-09-19T12:46:15","slug":"paraiba-confirma-607-novos-casos-de-covid-19-em-24h-total-de-mortes-chega-a-2-684-e-115-966-infectados","status":"publish","type":"post","link":"https:\/\/www.caririemacao.com\/1\/2020\/09\/19\/paraiba-confirma-607-novos-casos-de-covid-19-em-24h-total-de-mortes-chega-a-2-684-e-115-966-infectados\/","title":{"rendered":"Para\u00edba confirma 607 novos casos de Covid-19 em 24h; total de mortes chega a 2.684 e 115.966 infectados"},"content":{"rendered":"\n<p>A Para\u00edba registrou 607 novos casos de Covid-19 e 14 \u00f3bitos confirmados desde a \u00faltima atualiza\u00e7\u00e3o, 05 deles ocorridos nas \u00faltimas 24h. De acordo com o boletim epidemiol\u00f3gico divulgado pela Secretaria de Estado da Sa\u00fade nesta sexta-feira (18), 115.966 pessoas j\u00e1 contra\u00edram a doen\u00e7a, 88.800 j\u00e1 se recuperaram e 2.684, infelizmente, faleceram. At\u00e9 o momento, 350.079 testes para diagn\u00f3stico da Covid-19 j\u00e1 foram realizados.&nbsp;<\/p>\n\n\n\n<p>Confira:<\/p>\n\n\n\n<ul class=\"wp-block-list\"><li>Casos Confirmados: 115.966<\/li><li>Casos Descartados: 153.398<\/li><li>\u00d3bitos confirmados: 2.684<\/li><li>Casos recuperados: 88.800<\/li><li>Total de munic\u00edpios: 223<\/li><\/ul>\n\n\n\n<p>A ocupa\u00e7\u00e3o total de leitos de UTI (adulto, pedi\u00e1trico e obst\u00e9trico) em todo o estado \u00e9 de 38%. Fazendo um recorte apenas dos leitos de UTI para adultos na Regi\u00e3o Metropolitana de Jo\u00e3o Pessoa, a taxa de ocupa\u00e7\u00e3o chega a 34%. Em Campina Grande est\u00e3o ocupados 44% dos leitos de UTI adulto e no sert\u00e3o 41% dos leitos de UTI para adultos.<\/p>\n\n\n\n<p>Os casos confirmados est\u00e3o distribu\u00eddos por todos os 223 munic\u00edpios paraibanos. A diferen\u00e7a de casos de ontem para hoje \u00e9 de 607, nos quais 10 munic\u00edpios concentram 352 casos, o que representa 57,9% dos casos em toda a Para\u00edba.&nbsp;<\/p>\n\n\n\n<p>S\u00e3o eles:<\/p>\n\n\n\n<ul class=\"wp-block-list\"><li><strong>Jo\u00e3o Pessoa<\/strong>, com 79 novos casos, totalizando 28844;&nbsp;<\/li><li><strong>S\u00e3o Bento<\/strong>, com 57 novos casos, totalizando 2717;&nbsp;<\/li><li><strong>Alagoa Grande<\/strong>, com 46 novos casos, totalizando 1359;&nbsp;<\/li><li><strong>Patos<\/strong>, com 38 novos casos, totalizando 4087;&nbsp;<\/li><li><strong>Campina Grande<\/strong>, com 36 novos casos, totalizando 12746;&nbsp;<\/li><li><strong>Itaporanga<\/strong>, com 28 novos casos, totalizando 676;&nbsp;<\/li><li><strong>Bayeux<\/strong>, com 26 novos casos, totalizando 1868;&nbsp;<\/li><li><strong>Santa Rita<\/strong>, com 17 novos casos, totalizando 3291;&nbsp;<\/li><li><strong>Picu\u00ed<\/strong>, com 13 novos casos, totalizando 336;&nbsp;<\/li><li><strong>Guarabira<\/strong>, com 12 novos casos, totalizando 4421.<\/li><\/ul>\n\n\n\n<p>*Dados oficiais preliminares (fonte: SIM, e-sus VE e SIVEP) extra\u00eddos \u00e0s 10h do dia 18\/09, sujeitos a altera\u00e7\u00e3o por parte dos munic\u00edpios.<\/p>\n\n\n\n<p>At\u00e9 hoje, 165 cidades registraram \u00f3bitos por Covid-19. Os 14 \u00f3bitos registrados nesta sexta ocorreram entre 25 de abril e 18 de setembro, 10 deles nas \u00faltimas 48 horas, entre residentes de 13 munic\u00edpios. Os pacientes tinham idade entre 38 e 94 anos, 02 deles tinham menos de 65 anos. Diabetes foi a comorbidade mais frequente.&nbsp;<\/p>\n\n\n\n<p>Mulher, 80 anos, residente em S\u00e3o Jos\u00e9 de Piranhas. Hipertensa, diab\u00e9tica e cardiopata. In\u00edcio dos sintomas em 14\/09\/2020. Foi a \u00f3bito em hospital p\u00fablico no dia 18\/09\/2020.<\/p>\n\n\n\n<p>Homem, 85 anos, residente em Ing\u00e1. Comorbidade n\u00e3o informada. In\u00edcio dos sintomas em 23\/08\/2020. Foi a \u00f3bito em hospital p\u00fablico no dia 17\/09\/2020.&nbsp;<\/p>\n\n\n\n<p>Mulher, 84 anos, residente em Cajazeiras. Cardiopata. In\u00edcio dos sintomas em 18\/08\/2020. Foi a \u00f3bito em hospital p\u00fablico no dia 17\/09\/2020.&nbsp;<\/p>\n\n\n\n<p>Homem, 83 anos, residente em S\u00e3o Jos\u00e9 de Piranhas. Diab\u00e9tico. In\u00edcio dos sintomas em 08\/09\/2020. Foi a \u00f3bito em hospital p\u00fablico no dia 17\/09\/2020.&nbsp;<\/p>\n\n\n\n<p>Homem, 76 anos, residente em Sol\u00e2nea. Diab\u00e9tico e portador de doen\u00e7a renal. In\u00edcio dos sintomas em 06\/08\/2020. Foi a \u00f3bito em hospital p\u00fablico no dia 17\/09\/2020.&nbsp;<\/p>\n\n\n\n<p>Mulher, 78 anos, residente em Jacara\u00fa. Comorbidade n\u00e3o informada. In\u00edcio dos sintomas em 10\/09\/2020. Foi a \u00f3bito em hospital p\u00fablico no dia 16\/09\/2020.&nbsp;<\/p>\n\n\n\n<p>Homem, 71 anos, residente em Catol\u00e9 do Rocha. Comorbidade n\u00e3o informada. In\u00edcio dos sintomas em 02\/09\/2020. Foi a \u00f3bito em hospital p\u00fablico no dia 16\/09\/2020.<\/p>\n\n\n\n<p>Homem, 65 anos, residente em Itaporanga. Sem comorbidade. In\u00edcio dos sintomas em 27\/08\/2020. Foi a \u00f3bito em hospital p\u00fablico no dia 16\/09\/2020.&nbsp;<\/p>\n\n\n\n<p>Mulher, 45 anos, residente em Cacimbas. Comorbidade n\u00e3o informada. In\u00edcio dos sintomas em 01\/09\/2020. Foi a \u00f3bito em hospital p\u00fablico no dia 16\/09\/2020.<\/p>\n\n\n\n<p>Homem, 38 anos, residente em Riacho dos Cavalos. Portador de neoplasia. In\u00edcio dos sintomas em 08\/09\/2020. Foi a \u00f3bito em hospital p\u00fablico no dia 16\/09\/2020.&nbsp;<\/p>\n\n\n\n<p>Mulher, 94 anos, residente em Uira\u00fana. Hipertensa e portadora de doen\u00e7a neurol\u00f3gica. In\u00edcio dos sintomas em 21\/08\/2020. Foi a \u00f3bito em hospital p\u00fablico no dia 08\/09\/2020.&nbsp;<\/p>\n\n\n\n<p>Mulher, 89 anos, residente em Pilar. Hipertensa e diab\u00e9tica. In\u00edcio dos sintomas em 24\/08\/2020. Foi a \u00f3bito em resid\u00eancia no dia 28\/08\/2020.&nbsp;<\/p>\n\n\n\n<p>Homem, 76 anos, residente em Malta. Diab\u00e9tico e portador de hipertiroidismo. In\u00edcio dos sintomas em 14\/08\/2020. Foi a \u00f3bito em hospital p\u00fablico no dia 28\/08\/2020.&nbsp;<\/p>\n\n\n\n<p>Homem, 80 anos, residente em Jo\u00e3o Pessoa. Sem comorbidade. In\u00edcio dos sintomas em 19\/04\/2020. Foi a \u00f3bito em hospital p\u00fablico no dia 25\/04\/2020.&nbsp;<\/p>\n","protected":false},"excerpt":{"rendered":"<p>A Para\u00edba registrou 607 novos casos de Covid-19 e 14 \u00f3bitos confirmados desde a \u00faltima atualiza\u00e7\u00e3o, 05 deles ocorridos nas \u00faltimas 24h. De acordo com&hellip; <\/p>\n","protected":false},"author":2,"featured_media":187142,"comment_status":"closed","ping_status":"closed","sticky":false,"template":"","format":"standard","meta":{"sfsi_plus_gutenberg_text_before_share":"","sfsi_plus_gutenberg_show_text_before_share":"","sfsi_plus_gutenberg_icon_type":"","sfsi_plus_gutenberg_icon_alignemt":"","sfsi_plus_gutenburg_max_per_row":"","footnotes":""},"categories":[16],"tags":[],"class_list":["post-189034","post","type-post","status-publish","format-standard","has-post-thumbnail","hentry","category-saude"],"_links":{"self":[{"href":"https:\/\/www.caririemacao.com\/1\/wp-json\/wp\/v2\/posts\/189034","targetHints":{"allow":["GET"]}}],"collection":[{"href":"https:\/\/www.caririemacao.com\/1\/wp-json\/wp\/v2\/posts"}],"about":[{"href":"https:\/\/www.caririemacao.com\/1\/wp-json\/wp\/v2\/types\/post"}],"author":[{"embeddable":true,"href":"https:\/\/www.caririemacao.com\/1\/wp-json\/wp\/v2\/users\/2"}],"replies":[{"embeddable":true,"href":"https:\/\/www.caririemacao.com\/1\/wp-json\/wp\/v2\/comments?post=189034"}],"version-history":[{"count":1,"href":"https:\/\/www.caririemacao.com\/1\/wp-json\/wp\/v2\/posts\/189034\/revisions"}],"predecessor-version":[{"id":189035,"href":"https:\/\/www.caririemacao.com\/1\/wp-json\/wp\/v2\/posts\/189034\/revisions\/189035"}],"wp:featuredmedia":[{"embeddable":true,"href":"https:\/\/www.caririemacao.com\/1\/wp-json\/wp\/v2\/media\/187142"}],"wp:attachment":[{"href":"https:\/\/www.caririemacao.com\/1\/wp-json\/wp\/v2\/media?parent=189034"}],"wp:term":[{"taxonomy":"category","embeddable":true,"href":"https:\/\/www.caririemacao.com\/1\/wp-json\/wp\/v2\/categories?post=189034"},{"taxonomy":"post_tag","embeddable":true,"href":"https:\/\/www.caririemacao.com\/1\/wp-json\/wp\/v2\/tags?post=189034"}],"curies":[{"name":"wp","href":"https:\/\/api.w.org\/{rel}","templated":true}]}}