{"id":189048,"date":"2020-09-19T09:56:20","date_gmt":"2020-09-19T12:56:20","guid":{"rendered":"https:\/\/www.caririemacao.com\/1\/?p=189048"},"modified":"2020-09-19T09:56:20","modified_gmt":"2020-09-19T12:56:20","slug":"bolsonaro-e-o-coronavirus-conversinha-mole-de-ficar-em-casa-e-para-os-fracos","status":"publish","type":"post","link":"https:\/\/www.caririemacao.com\/1\/2020\/09\/19\/bolsonaro-e-o-coronavirus-conversinha-mole-de-ficar-em-casa-e-para-os-fracos\/","title":{"rendered":"Bolsonaro e o coronavirus: \u201cConversinha mole de ficar em casa \u00e9 para os fracos\u201d"},"content":{"rendered":"\n<p>Em um segundo evento no norte de Mato Grosso nesta sexta-feira (18), o presidente Jair Bolsonaro (sem partido) parabenizou os produtores agr\u00edcolas que n\u00e3o ficaram em casa durante a pandemia de Covid-19 e \u201cn\u00e3o entraram na conversinha mole de ficar em casa\u201d.<\/p>\n\n\n\n<p>\u201cVoc\u00eas n\u00e3o pararam durante a pandemia. Voc\u00eas n\u00e3o entraram na conversinha mole de \u2018fica em casa\u2019. Isso \u00e9 para os fracos\u201d, disse a uma plateia de produtores rurais e apoiadores em Sorriso, no norte do estado.<\/p>\n\n\n\n<p>Aos gritos de \u201cmito!\u201d, Bolsonaro participou da entrega simb\u00f3lica de t\u00edtulos de propriedades rurais a agricultores familiares da regi\u00e3o, no aeroporto Adolino Bedin, em Sorriso.<\/p>\n\n\n\n<p>Antes, o presidente fez parada em uma inaugura\u00e7\u00e3o simb\u00f3lica de uma f\u00e1brica de etanol de milho, que funciona h\u00e1 mais de um ano no munic\u00edpio de Sinop. Lotado de apoiadores envoltos em bandeiras do Brasil, o evento foi considerado uma homenagem do setor ruralista ao presidente.<\/p>\n\n\n\n<p>Desde o in\u00edcio da crise mundial do coronav\u00edrus, Bolsonaro tem dado declara\u00e7\u00f5es nas quais busca minimizar os impactos da pandemia e, ao mesmo tempo, tratar como exageradas medidas tomadas no exterior e por governadores brasileiros.<\/p>\n\n\n\n<p>Ele tamb\u00e9m provocou aglomera\u00e7\u00f5es, muitas vezes sem uso de m\u00e1scara recomendada para evitar o cont\u00e1gio da Covid-19.<\/p>\n\n\n\n<p>Infectado pelo novo coronav\u00edrus em julho, o presidente divulgou que se tratou com a hidroxicloroquina, medicamento sem efeito comprovado para a doen\u00e7a e com efeitos colaterais associados a seu uso.<\/p>\n\n\n\n<p>Dois ministros da Sa\u00fade, Luiz Henrique Mandetta e Nelson Teich, j\u00e1 sa\u00edram do cargo ap\u00f3s discord\u00e2ncias com Bolsonaro, que tamb\u00e9m entrou em conflito com governadores e prefeitos.<\/p>\n\n\n\n<p>Em abril, quando o Brasil ultrapassou a China no n\u00famero de mortos, Bolsonaro foi questionado sobre isso e respondeu:<\/p>\n\n\n\n<p>\u201cE da\u00ed? Lamento. Quer que eu fa\u00e7a o qu\u00ea? Eu sou Messias, mas n\u00e3o fa\u00e7o milagre\u201d.<\/p>\n\n\n\n<p>Assim que o Brasil chegou a 100 mil mortos, Bolsonaro disse que lamenta \u201ccada morte, seja qual for a sua causa, como a dos tr\u00eas bravos policiais militares executados em S\u00e3o Paulo\u201d -citando policiais mortos ap\u00f3s uma falsa abordagem.<\/p>\n\n\n\n<p>Antes de pousar em solo mato-grossense nesta sexta, o avi\u00e3o do presidente arremeteu devido \u00e0 fuma\u00e7a que toma conta da regi\u00e3o, embora n\u00e3o haja foco de inc\u00eandio espec\u00edfico nos dois munic\u00edpios em que visitou neste momento.<\/p>\n\n\n\n<p>Bolsonaro recebeu agricultores para entregar os t\u00edtulos no palco. Em tom eleitoreiro \u00e0 base ruralista, ele adaptou seu slogan de campanha para:<\/p>\n\n\n\n<p>\u201cDeus acima de tudo, Mato Grosso acima de todos\u201d.<\/p>\n\n\n\n<p>Boa parte dos agricultores que subiram ao palco para receber os t\u00edtulos de terra n\u00e3o usavam m\u00e1scara. Bolsonaro, tamb\u00e9m sem a prote\u00e7\u00e3o, saiu dando m\u00e3os e tirando fotos com o p\u00fablico. Os ministros que o acompanhavam tamb\u00e9m n\u00e3o usavam m\u00e1scara.<\/p>\n\n\n\n<p>\u201cVoc\u00eas est\u00e3o de parab\u00e9ns, voc\u00eas s\u00e3o nosso orgulho\u201d, disse Bolsonaro, emendando que a viagem ao estado lhe serviu para \u201centender da influ\u00eancia estrangeira nessa regi\u00e3o\u201d, sem dar detalhes.<\/p>\n\n\n\n<p>O ministro da Infraestrutura, Tarc\u00edsio de Freitas, reiterou que o governo vai destravar os n\u00f3s log\u00edsticos da regi\u00e3o, dando \u00eanfase \u00e0 BR-163, uma das principais rotas de escoamento de gr\u00e3os do Centro-Oeste, que liga a regi\u00e3o a portos.<\/p>\n\n\n\n<p>\u201cA nossa responsabilidade \u00e9 dar a log\u00edstica. Em novembro, vamos assinar o contrato da ferrovia [de Integra\u00e7\u00e3o] Centro-Oeste. Estamos trabalhando para resolver as quest\u00f5es da BR-163\u201d, afirmou.<\/p>\n\n\n\n<p>A organiza\u00e7\u00e3o n\u00e3o tinha dados sobre o n\u00famero de presentes em Sorriso. No evento anterior, a 85 quil\u00f4metros dali, a estimativa era de cerca de 2.000 pessoas, dentre apoiadores, pol\u00edticos e agropecuaristas. A regi\u00e3o produz soja, milho, gado, feij\u00e3o e algod\u00e3o.<\/p>\n\n\n\n<p>Agropecuaristas presentes destacaram o empenho do ministro Tarc\u00edsio para destravar a log\u00edstica local e exaltaram alguns s\u00edmbolos de campanha de Bolsonaro, como a defesa da fam\u00edlia, do direito \u00e0 arma e da seguran\u00e7a jur\u00eddica no campo em rela\u00e7\u00e3o a eventuais ocupa\u00e7\u00f5es de sem-terra.<\/p>\n\n\n\n<p>\u201cO governo s\u00f3 n\u00e3o est\u00e1 melhor porque a esquerda e o STF n\u00e3o deixam. No fogo do ano passado, ONGs causaram um caos sobre as motiva\u00e7\u00f5es [dos inc\u00eandios]\u201d, diz o agropecuarista Nivaldo Weis, 64, criador de gado e produtor de soja, milho e arroz.<\/p>\n\n\n\n<p>A situa\u00e7\u00e3o est\u00e1 muito preocupante neste ano, segundo ele, mas em parte porque foi proibido fazer a chamada queima fria (que acontece no fim do per\u00edodo chuvoso, quando a mata nativa est\u00e1 \u00famida).<\/p>\n\n\n\n<p>\u201cAgora o fogo entrou, pegou toda mat\u00e9ria org\u00e2nica acumulada e est\u00e1 imposs\u00edvel de controlar.\u201d<\/p>\n\n\n\n<p>\u201cN\u00e3o somos necessariamente bolsonaristas, mas gostamos do princ\u00edpio que ele adota. A c\u00e9lula da sociedade \u00e9 a fam\u00edlia. N\u00e3o somos os principais, somos do conjunto\u201d, diz Olvide Galina, 61, presidente da Acrinorte (Associa\u00e7\u00e3o dos Criadores do Norte de Mato Grosso).<\/p>\n\n\n\n<p>Em nenhuma das duas ocasi\u00f5es o presidente mencionou a\u00e7\u00f5es de combate aos focos de inc\u00eandio que atingem o Pantanal e outros biomas brasileiros. Apenas afirmou que isso acontece h\u00e1 v\u00e1rios anos.<\/p>\n\n\n\n<p>Sinop e Sorriso ficam na Amaz\u00f4nia Legal, onde paira uma n\u00e9voa de fuma\u00e7a mesmo sem a presen\u00e7a de fogo nas fazendas pr\u00f3ximas. \u00c9 poss\u00edvel sentir cheiro de queimado mesmo no interior dos estabelecimentos.<\/p>\n\n\n\n<p>J\u00e1 no Pantanal, setembro de 2020 ser\u00e1 o m\u00eas com maior n\u00famero de queimadas j\u00e1 registrado na hist\u00f3ria, de acordo com dados do Inpe (Instituto Nacional de Pesquisas Espaciais).<\/p>\n\n\n\n<p>Com explos\u00e3o dos focos de calor em agosto e setembro, o Inpe registra mais de 15,8 mil focos no Pantanal desde o in\u00edcio deste ano, o maior n\u00famero no per\u00edodo desde 1999, quando iniciou o monitoramento.<\/p>\n\n\n\n<p>O primeiro semestre foi o de maior n\u00famero de queimadas para o bioma, com 2.534 focos de inc\u00eandio, aumento de 158% em rela\u00e7\u00e3o ao mesmo per\u00edodo de 2019.<\/p>\n\n\n\n<p>Agravada por um per\u00edodo de seca na temporada de chuvas, a situa\u00e7\u00e3o est\u00e1 descontrolada mesmo diante da atua\u00e7\u00e3o de brigadistas. Al\u00e9m de chuva abaixo da m\u00e9dia para o per\u00edodo, as temperaturas aumentaram na regi\u00e3o do bioma, com ventos que j\u00e1 vieram de regi\u00f5es secas e quentes.<\/p>\n\n\n\n<p>A Dema (Delegacia de Meio Ambiente) do estado investiga se a a\u00e7\u00e3o humana contribuiu para o crescimento no n\u00famero de ocorr\u00eancias.<\/p>\n","protected":false},"excerpt":{"rendered":"<p>Em um segundo evento no norte de Mato Grosso nesta sexta-feira (18), o presidente Jair Bolsonaro (sem partido) parabenizou os produtores agr\u00edcolas que n\u00e3o ficaram&hellip; <\/p>\n","protected":false},"author":2,"featured_media":188634,"comment_status":"closed","ping_status":"closed","sticky":false,"template":"","format":"standard","meta":{"sfsi_plus_gutenberg_text_before_share":"","sfsi_plus_gutenberg_show_text_before_share":"","sfsi_plus_gutenberg_icon_type":"","sfsi_plus_gutenberg_icon_alignemt":"","sfsi_plus_gutenburg_max_per_row":"","footnotes":""},"categories":[11],"tags":[],"class_list":["post-189048","post","type-post","status-publish","format-standard","has-post-thumbnail","hentry","category-politica"],"_links":{"self":[{"href":"https:\/\/www.caririemacao.com\/1\/wp-json\/wp\/v2\/posts\/189048","targetHints":{"allow":["GET"]}}],"collection":[{"href":"https:\/\/www.caririemacao.com\/1\/wp-json\/wp\/v2\/posts"}],"about":[{"href":"https:\/\/www.caririemacao.com\/1\/wp-json\/wp\/v2\/types\/post"}],"author":[{"embeddable":true,"href":"https:\/\/www.caririemacao.com\/1\/wp-json\/wp\/v2\/users\/2"}],"replies":[{"embeddable":true,"href":"https:\/\/www.caririemacao.com\/1\/wp-json\/wp\/v2\/comments?post=189048"}],"version-history":[{"count":1,"href":"https:\/\/www.caririemacao.com\/1\/wp-json\/wp\/v2\/posts\/189048\/revisions"}],"predecessor-version":[{"id":189050,"href":"https:\/\/www.caririemacao.com\/1\/wp-json\/wp\/v2\/posts\/189048\/revisions\/189050"}],"wp:featuredmedia":[{"embeddable":true,"href":"https:\/\/www.caririemacao.com\/1\/wp-json\/wp\/v2\/media\/188634"}],"wp:attachment":[{"href":"https:\/\/www.caririemacao.com\/1\/wp-json\/wp\/v2\/media?parent=189048"}],"wp:term":[{"taxonomy":"category","embeddable":true,"href":"https:\/\/www.caririemacao.com\/1\/wp-json\/wp\/v2\/categories?post=189048"},{"taxonomy":"post_tag","embeddable":true,"href":"https:\/\/www.caririemacao.com\/1\/wp-json\/wp\/v2\/tags?post=189048"}],"curies":[{"name":"wp","href":"https:\/\/api.w.org\/{rel}","templated":true}]}}