{"id":189049,"date":"2020-09-19T09:57:52","date_gmt":"2020-09-19T12:57:52","guid":{"rendered":"https:\/\/www.caririemacao.com\/1\/?p=189049"},"modified":"2020-09-19T09:57:52","modified_gmt":"2020-09-19T12:57:52","slug":"familias-politicas-acirram-disputas-por-prefeituras-paraibanas-e-especialista-ve-exagerado-familismo-no-estado","status":"publish","type":"post","link":"https:\/\/www.caririemacao.com\/1\/2020\/09\/19\/familias-politicas-acirram-disputas-por-prefeituras-paraibanas-e-especialista-ve-exagerado-familismo-no-estado\/","title":{"rendered":"Fam\u00edlias pol\u00edticas acirram disputas por prefeituras paraibanas e especialista v\u00ea \u2018exagerado\u2019 familismo no Estado"},"content":{"rendered":"\n<p>Apesar das mudan\u00e7as sociais e de sistema de governo, o familismo em disputas eleitorais \u00e9 algo ainda n\u00e3o superado, principalmente nos estados e munic\u00edpios brasileiros considerados menos desenvolvidos. Nesses locais, h\u00e1 um maior controle dos partidos pol\u00edticos por grupos familiares ou de parentelas.<\/p>\n\n\n\n<p>Apesar disso acontecer em todo o Pa\u00eds, na Para\u00edba, a situa\u00e7\u00e3o \u00e9 considerada \u2018exagerada\u2019, segundo informou o cientista pol\u00edtico e professor da p\u00f3s-gradua\u00e7\u00e3o do Departamento de Ci\u00eancias Sociais da Universidade Federal da Para\u00edba (UFPB), Jos\u00e9 Henrique Artigas Godoy, em entrevista. No pleito eleitoral deste ano, por exemplo, h\u00e1 diversos exemplos de agrupamentos familiares nessa disputa pelo dom\u00ednio de prefeituras paraibanas.<\/p>\n\n\n\n<p>Em Monteiro, na regi\u00e3o do Cariri, filha e m\u00e3e (que j\u00e1 \u00e9 uma deputada federal) disputam na mesma chapa como prefeita e vice, respectivamente.\u00a0O pai da candidata \u00e0 prefeita \u00e9 deputado estadual na Para\u00edba. A\u00a0chapa concorre contra o grupo pol\u00edtico de uma ex-cunhada.<\/p>\n\n\n\n<p>Esses exemplos, por\u00e9m, n\u00e3o se restringem a esses dois munic\u00edpios. Neste ano eleitoral ainda h\u00e1 representantes de fam\u00edlias em disputas pelas prefeituras de Campina Grande, Jo\u00e3o Pessoa, Bayeux, Santa Rita, entre outras cidades. Segundo o cientista pol\u00edtico&nbsp;Jos\u00e9 Henrique Artigas Godoy, fam\u00edlias no poder \u00e9 reflexo de uma hist\u00f3ria secular na Para\u00edba. \u201cA Para\u00edba jamais superou o familismo pol\u00edtico. Se n\u00f3s lembrarmos das duas \u00faltimas elei\u00e7\u00f5es para deputado federal, todos os candidatos provinham de fam\u00edlias tradicionais da \u00f3rbita da pol\u00edtica\u201d, observou.<\/p>\n\n\n\n<p>Para o cientista pol\u00edtico,&nbsp;o familismo sempre foi a regra. \u201cH\u00e1 uma largu\u00edssima tradi\u00e7\u00e3o, uma secular tradi\u00e7\u00e3o olig\u00e1rquica aqui na Para\u00edba. Isso tem a ver com uma s\u00e9rie de fatores conjunturais. Na Para\u00edba \u00e9 um caso exagerado em compara\u00e7\u00e3o a outros locais\u201d, analisou. Em uma pesquisa realizada por cientistas da UNB, publicada no ano passado, que levou em considera\u00e7\u00e3o a forma\u00e7\u00e3o das bancadas parlamentares de 2018, mostrou que h\u00e1 uma forte tend\u00eancia de crescimento do n\u00famero de pol\u00edticos ligados \u00e0s fam\u00edlias tradicionais eleitos em fun\u00e7\u00e3o de suas liga\u00e7\u00f5es familiares.<\/p>\n\n\n\n<p>\u201cIsso supera 60% de todos os deputados apresentados no Pa\u00eds. O problema maior n\u00e3o \u00e9 ser de fam\u00edlia de pol\u00edticos porque j\u00e1 \u00e9 um problema hist\u00f3rico, mas o problema maior \u00e9 que essa propor\u00e7\u00e3o vem aumentando. Isso tem muito a ver, no caso dos estados perif\u00e9ricos, dos estados menos desenvolvidos, com o controle das estruturas partid\u00e1rias. Os estados mais industrializados, urbanizados, desenvolvidos, onde h\u00e1 um maior pluralismo pol\u00edtico, onde h\u00e1 concorr\u00eancia mais intensa de diversos agrupamentos pol\u00edticos, a tend\u00eancia do familismo \u00e9 menor\u201d, afirmou, acrescentando que nos estados menos desenvolvimentos economicamente e socialmente, com menor renda&nbsp; e escolariza\u00e7\u00e3o, a tend\u00eancia famil\u00edstica \u00e9 maior.<\/p>\n\n\n\n<p>Como exemplo de menor controle de fam\u00edlias por partidos, o cientista pol\u00edtico citou o caso do Estado de S\u00e3o Paulo, sem apontar partidos. \u201cPossui uma burocracia em constante conflito e disputa. Portanto, n\u00e3o podemos falar que em S\u00e3o Paulo existe partidos com donos, com figuras, fam\u00edlias que dominam toda a executiva partid\u00e1ria. N\u00e3o \u00e9 o caso da Para\u00edba\u201d, comentou, acrescentando que em S\u00e3o Paulo, desde os anos 50 anos, fam\u00edlias tradicionais n\u00e3o ocuparam os cargos principais. \u201cPaulo Maluf n\u00e3o \u00e9 de fam\u00edlia tradicional, Celso Pita n\u00e3o \u00e9, Haddad n\u00e3o \u00e9, D\u00f3ria n\u00e3o \u00e9, Erudina n\u00e3o \u00e9, e assim por diante\u201d, comentou.<\/p>\n\n\n\n<p>A mudan\u00e7a pela n\u00e3o escolha de fam\u00edlias no poder ocorre, segundo Jos\u00e9 Henrique Artigas Godoy, porque as sociedades v\u00e3o se desenvolvendo, a popula\u00e7\u00e3o aumentando, o eleitorado fica mais complexo, outras tend\u00eancias pol\u00edticas surgem e h\u00e1 uma maior concorr\u00eancia interna dos partidos para defini\u00e7\u00e3o e escolha das principais lideran\u00e7as. \u201cNo caso da Para\u00edba, isso nunca aconteceu.Geralmente s\u00e3o partidos de donos e donos representados pelas parentelas ou fam\u00edlias\u201d, destacou, comentando que nos partidos essas&nbsp;fam\u00edlias podem ter liga\u00e7\u00e3o gen\u00e9tica ou fazerem parte de parentelas, ou seja, \u201cs\u00e3o grupos articulados em torno de fam\u00edlias. Na Para\u00edba essa \u00e9 a regra principal dos partidos pol\u00edticos como estruturas famil\u00edsticas. Posso dizer, 100%, sem possibilidade de errar\u201d.<\/p>\n\n\n\n<p>Para o cientista pol\u00edtico, s\u00f3 haver\u00e1 mudan\u00e7a a partir do momento que os partidos come\u00e7arem a repensar sobre como se organizam internamente e na concorr\u00eancia eleitoral. \u201cUm pouco semelhante \u00e9 esperar que os deputados mudem a legisla\u00e7\u00e3o eleitoral que permitisse que ele elegesse. \u00c9 claro que quem s elegeu com a legisla\u00e7\u00e3o eleitoral n\u00e3o quer mudar essa legisla\u00e7\u00e3o\u201d, ressaltou.<\/p>\n\n\n\n<p><em>Click PB<\/em><\/p>\n","protected":false},"excerpt":{"rendered":"<p>Apesar das mudan\u00e7as sociais e de sistema de governo, o familismo em disputas eleitorais \u00e9 algo ainda n\u00e3o superado, principalmente nos estados e munic\u00edpios brasileiros&hellip; <\/p>\n","protected":false},"author":1,"featured_media":189052,"comment_status":"closed","ping_status":"closed","sticky":false,"template":"","format":"standard","meta":{"sfsi_plus_gutenberg_text_before_share":"","sfsi_plus_gutenberg_show_text_before_share":"","sfsi_plus_gutenberg_icon_type":"","sfsi_plus_gutenberg_icon_alignemt":"","sfsi_plus_gutenburg_max_per_row":"","footnotes":""},"categories":[50],"tags":[],"class_list":["post-189049","post","type-post","status-publish","format-standard","has-post-thumbnail","hentry","category-destaque"],"_links":{"self":[{"href":"https:\/\/www.caririemacao.com\/1\/wp-json\/wp\/v2\/posts\/189049","targetHints":{"allow":["GET"]}}],"collection":[{"href":"https:\/\/www.caririemacao.com\/1\/wp-json\/wp\/v2\/posts"}],"about":[{"href":"https:\/\/www.caririemacao.com\/1\/wp-json\/wp\/v2\/types\/post"}],"author":[{"embeddable":true,"href":"https:\/\/www.caririemacao.com\/1\/wp-json\/wp\/v2\/users\/1"}],"replies":[{"embeddable":true,"href":"https:\/\/www.caririemacao.com\/1\/wp-json\/wp\/v2\/comments?post=189049"}],"version-history":[{"count":1,"href":"https:\/\/www.caririemacao.com\/1\/wp-json\/wp\/v2\/posts\/189049\/revisions"}],"predecessor-version":[{"id":189053,"href":"https:\/\/www.caririemacao.com\/1\/wp-json\/wp\/v2\/posts\/189049\/revisions\/189053"}],"wp:featuredmedia":[{"embeddable":true,"href":"https:\/\/www.caririemacao.com\/1\/wp-json\/wp\/v2\/media\/189052"}],"wp:attachment":[{"href":"https:\/\/www.caririemacao.com\/1\/wp-json\/wp\/v2\/media?parent=189049"}],"wp:term":[{"taxonomy":"category","embeddable":true,"href":"https:\/\/www.caririemacao.com\/1\/wp-json\/wp\/v2\/categories?post=189049"},{"taxonomy":"post_tag","embeddable":true,"href":"https:\/\/www.caririemacao.com\/1\/wp-json\/wp\/v2\/tags?post=189049"}],"curies":[{"name":"wp","href":"https:\/\/api.w.org\/{rel}","templated":true}]}}