{"id":189054,"date":"2020-09-19T10:24:17","date_gmt":"2020-09-19T13:24:17","guid":{"rendered":"https:\/\/www.caririemacao.com\/1\/?p=189054"},"modified":"2020-09-19T10:24:17","modified_gmt":"2020-09-19T13:24:17","slug":"homem-fica-ferido-apos-cair-de-telhado-para-salvar-galinha-na-paraiba","status":"publish","type":"post","link":"https:\/\/www.caririemacao.com\/1\/2020\/09\/19\/homem-fica-ferido-apos-cair-de-telhado-para-salvar-galinha-na-paraiba\/","title":{"rendered":"Homem fica ferido ap\u00f3s cair de telhado para salvar galinha, na Para\u00edba"},"content":{"rendered":"\n<p>Na manh\u00e3 desta sexta-feira (18), um homem de 54 anos ficou ferido, ap\u00f3s cair do telhado de casa&nbsp;ao tentar retirar uma galinha do local. O caso aconteceu na avenida S\u00e3o Judas Tadeu, no bairro do Rangel, em&nbsp;Jo\u00e3o Pessoa. O homem caiu de uma altura de 3 metros e sofreu um traumatismo craniano, mas foi socorrido consciente por equipes do Servi\u00e7o de Atendimento M\u00f3vel de Urg\u00eancia (Samu).<\/p>\n\n\n\n<p>Ele foi encaminhado para o Hospital de Emerg\u00eancia e Trauma, mas ainda n\u00e3o h\u00e1 informa\u00e7\u00f5es do estado de sa\u00fade.<\/p>\n","protected":false},"excerpt":{"rendered":"<p>Na manh\u00e3 desta sexta-feira (18), um homem de 54 anos ficou ferido, ap\u00f3s cair do telhado de casa&nbsp;ao tentar retirar uma galinha do local. O&hellip; <\/p>\n","protected":false},"author":2,"featured_media":189056,"comment_status":"closed","ping_status":"closed","sticky":false,"template":"","format":"standard","meta":{"sfsi_plus_gutenberg_text_before_share":"","sfsi_plus_gutenberg_show_text_before_share":"","sfsi_plus_gutenberg_icon_type":"","sfsi_plus_gutenberg_icon_alignemt":"","sfsi_plus_gutenburg_max_per_row":"","footnotes":""},"categories":[2],"tags":[],"class_list":["post-189054","post","type-post","status-publish","format-standard","has-post-thumbnail","hentry","category-geral"],"_links":{"self":[{"href":"https:\/\/www.caririemacao.com\/1\/wp-json\/wp\/v2\/posts\/189054","targetHints":{"allow":["GET"]}}],"collection":[{"href":"https:\/\/www.caririemacao.com\/1\/wp-json\/wp\/v2\/posts"}],"about":[{"href":"https:\/\/www.caririemacao.com\/1\/wp-json\/wp\/v2\/types\/post"}],"author":[{"embeddable":true,"href":"https:\/\/www.caririemacao.com\/1\/wp-json\/wp\/v2\/users\/2"}],"replies":[{"embeddable":true,"href":"https:\/\/www.caririemacao.com\/1\/wp-json\/wp\/v2\/comments?post=189054"}],"version-history":[{"count":1,"href":"https:\/\/www.caririemacao.com\/1\/wp-json\/wp\/v2\/posts\/189054\/revisions"}],"predecessor-version":[{"id":189055,"href":"https:\/\/www.caririemacao.com\/1\/wp-json\/wp\/v2\/posts\/189054\/revisions\/189055"}],"wp:featuredmedia":[{"embeddable":true,"href":"https:\/\/www.caririemacao.com\/1\/wp-json\/wp\/v2\/media\/189056"}],"wp:attachment":[{"href":"https:\/\/www.caririemacao.com\/1\/wp-json\/wp\/v2\/media?parent=189054"}],"wp:term":[{"taxonomy":"category","embeddable":true,"href":"https:\/\/www.caririemacao.com\/1\/wp-json\/wp\/v2\/categories?post=189054"},{"taxonomy":"post_tag","embeddable":true,"href":"https:\/\/www.caririemacao.com\/1\/wp-json\/wp\/v2\/tags?post=189054"}],"curies":[{"name":"wp","href":"https:\/\/api.w.org\/{rel}","templated":true}]}}