{"id":189058,"date":"2020-09-19T10:29:38","date_gmt":"2020-09-19T13:29:38","guid":{"rendered":"https:\/\/www.caririemacao.com\/1\/?p=189058"},"modified":"2020-09-19T10:29:38","modified_gmt":"2020-09-19T13:29:38","slug":"aposentada-maranhense-se-forma-em-gastronomia-aos-69-anos","status":"publish","type":"post","link":"https:\/\/www.caririemacao.com\/1\/2020\/09\/19\/aposentada-maranhense-se-forma-em-gastronomia-aos-69-anos\/","title":{"rendered":"Aposentada maranhense se forma em Gastronomia aos 69 anos"},"content":{"rendered":"\n<p>&nbsp;Diante de um momento de tristeza, procurar boas companhias e atividades que elevem a autoestima podem fazer a diferen\u00e7a na recupera\u00e7\u00e3o do \u00e2nimo. Foi assim que aconteceu com a maranhense Concei\u00e7\u00e3o de Maria Gon\u00e7alves, de 69 anos. Quando ela perdeu a vontade de sorrir, encontrou na faculdade de Gastronomia o tempero que faltava para a satisfa\u00e7\u00e3o e driblar a depress\u00e3o.&nbsp;&nbsp;&nbsp;<\/p>\n\n\n\n<p>&nbsp;Concei\u00e7\u00e3o passou por um per\u00edodo de luto pela perda de dois filhos. \u201cEntrei em desespero, perdi o gosto de viver, n\u00e3o queria saber mais de nada, n\u00e3o sa\u00eda de casa. Aos poucos, fui vendo que eu ainda tinha que fazer alguma coisa pelos meus outros dois filhos e netos que ficaram\u201d, conta a aposentada ao relembrar o per\u00edodo dif\u00edcil.<\/p>\n\n\n\n<figure class=\"wp-block-image\" id=\"attachment_733404\"><img decoding=\"async\" data-src=\"https:\/\/wscom.com.br\/wp-content\/uploads\/2020\/09\/Conceicao-de-Maria-Goncalves-em-sua-festa-de-formatura-Acervo-Pessoal-3.jpeg\" alt=\"\" class=\"wp-image-733404 lazyload\" src=\"data:image\/svg+xml;base64,PHN2ZyB3aWR0aD0iMSIgaGVpZ2h0PSIxIiB4bWxucz0iaHR0cDovL3d3dy53My5vcmcvMjAwMC9zdmciPjwvc3ZnPg==\" \/><figcaption>Concei\u00e7\u00e3o de Maria Gon\u00e7alves, em sua festa de formatura (Acervo Pessoal)<\/figcaption><\/figure>\n\n\n\n<p>&nbsp;Ao acompanhar um dos filhos at\u00e9 o campus da&nbsp;<a href=\"https:\/\/www.educamaisbrasil.com.br\/cest-faculdade-santa-terezinha\/?p=wscom\">CEST \u2013 Faculdade Santa Terezinha<\/a>&nbsp;para fazer a inscri\u00e7\u00e3o na sua segunda gradua\u00e7\u00e3o, a idosa recebeu um convite inesperado para participar da turma de Gastronomia da institui\u00e7\u00e3o. \u201cNo come\u00e7o, achei aquilo um absurdo\u2026 eu, na minha idade, com a sa\u00fade debilitada, voltar para uma faculdade. Achei que n\u00e3o ia dar certo e n\u00e3o aceitei. Depois, meus filhos e meus netos me incentivaram tanto que eu mudei de ideia. Meu filho fez a inscri\u00e7\u00e3o, marcou a prova do vestibular e eu fui achando que n\u00e3o ia ser aprovada, mas passei\u201d, comemora.&nbsp;<\/p>\n\n\n\n<p>&nbsp;Foi na&nbsp;<a href=\"https:\/\/www.educamaisbrasil.com.br\/cursos-e-faculdades\/gastronomia\/?p=wscom\">Gastronomia<\/a>&nbsp;que a idosa encontrou a verdadeira paix\u00e3o. Com o incentivo da fam\u00edlia, amigos e colegas de turma, superou seus limites, ressignificou a rela\u00e7\u00e3o com as panelas e conseguiu conquistar um diploma universit\u00e1rio.&nbsp;<\/p>\n\n\n\n<p>&nbsp;Nascida no interior de S\u00e3o Lu\u00eds do Maranh\u00e3o, ainda jovem, Concei\u00e7\u00e3o de Maria precisou driblar os obst\u00e1culos desde cedo para seguir com os estudos. Saiu da sua cidade natal Pio XII para morar com a tia e, assim, conseguir concluir o ensino m\u00e9dio.&nbsp; Na juventude, a forma\u00e7\u00e3o no ensino superior era um sonho distante, principalmente depois do casamento e do nascimento dos quatro filhos. \u201cConclu\u00ed meu ensino m\u00e9dio normalista, me casei, tive os meus filhos e voltei para minha cidade, Pio XII, no interior do Maranh\u00e3o. L\u00e1, comecei a trabalhar como professora p\u00fablica do estado. Em 1979, fui transferida para S\u00e3o Lu\u00eds e continuei trabalhando como professora. Ap\u00f3s 27 anos de dedica\u00e7\u00e3o, me aposentei\u201d, revela a idosa.&nbsp;<\/p>\n\n\n\n<p>&nbsp;Com a depress\u00e3o devido \u00e0 perda de dois filhos em um curto espa\u00e7o de tempo, o sonho de ter uma&nbsp;<a href=\"https:\/\/www.educamaisbrasil.com.br\/graduacao\/?p=wscom\">gradua\u00e7\u00e3o<\/a>&nbsp;parecia imposs\u00edvel. Mas foi a dor que acabou impulsionando a aposentada para a sala de aula. A idosa viu nos estudos a v\u00e1lvula de escape para superar a perda de dois dos quatro filhos.<\/p>\n\n\n\n<p>&nbsp;\u201cGra\u00e7as a Deus, encontrei o que eu queria, um lugar para me distrair, pra conhecer e conversar com pessoas novas. Quando cheguei na minha turma, velhinha, fui muito bem recebida, me aplaudiram, vieram me abra\u00e7ar, dar as boas-vindas. Eu ficava pensando o que eu estou fazendo na faculdade, tenho que voltar pra casa para a minha costura. Mas foi l\u00e1 que encontrei, depois de v\u00e1rias sess\u00f5es de psic\u00f3logos e psiquiatras, uma verdadeira terapia. Fui amada e respeitada por todos\u201d, revela com gratid\u00e3o.&nbsp;<\/p>\n\n\n\n<p>&nbsp;Por conta da pandemia do novo coronav\u00edrus, a gradua\u00e7\u00e3o, que come\u00e7ou na modalidade presencial, precisou se adequar ao ensino a dist\u00e2ncia. A aposentada tirou de letra o desafio tecnol\u00f3gico e seguiu conectada com colegas e professores.&nbsp;&nbsp;<\/p>\n\n\n\n<p>&nbsp;\u201cNos primeiros semestres, as aulas eram presenciais e eu trabalhei de igual para igual com meus colegas, fazia tudo que o professor pedia. N\u00e3o tinha aquela hist\u00f3ria de dizer \u2018ela n\u00e3o vai fazer isso porque ela j\u00e1 tem a idade avan\u00e7ada\u2019. Desde crian\u00e7a, eu sempre gostei de ser uma aluna aplicada. Com a pandemia, o restante do curso passou a ser online, mas foi tudo tranquilo\u201d.&nbsp;<\/p>\n\n\n\n<p>&nbsp;A cola\u00e7\u00e3o de grau tamb\u00e9m foi virtual, mas sem perder o brilho e a emo\u00e7\u00e3o da conquista. \u201cPara os jovens que pensam em desistir dos seus sonhos, eu digo que qualquer tempo \u00e9 tempo. Se a gente n\u00e3o tem condi\u00e7\u00f5es de realizar os nossos sonhos na juventude, a gente realiza quando Deus determina. E sempre \u00e9 o tempo certo\u201d, conclui a aposentada.<\/p>\n\n\n\n<p><strong>Fonte: Ag\u00eancia Educa Mais Brasil<\/strong><\/p>\n","protected":false},"excerpt":{"rendered":"<p>&nbsp;Diante de um momento de tristeza, procurar boas companhias e atividades que elevem a autoestima podem fazer a diferen\u00e7a na recupera\u00e7\u00e3o do \u00e2nimo. Foi assim&hellip; <\/p>\n","protected":false},"author":2,"featured_media":189059,"comment_status":"closed","ping_status":"closed","sticky":false,"template":"","format":"standard","meta":{"sfsi_plus_gutenberg_text_before_share":"","sfsi_plus_gutenberg_show_text_before_share":"","sfsi_plus_gutenberg_icon_type":"","sfsi_plus_gutenberg_icon_alignemt":"","sfsi_plus_gutenburg_max_per_row":"","footnotes":""},"categories":[14],"tags":[],"class_list":["post-189058","post","type-post","status-publish","format-standard","has-post-thumbnail","hentry","category-educacao"],"_links":{"self":[{"href":"https:\/\/www.caririemacao.com\/1\/wp-json\/wp\/v2\/posts\/189058","targetHints":{"allow":["GET"]}}],"collection":[{"href":"https:\/\/www.caririemacao.com\/1\/wp-json\/wp\/v2\/posts"}],"about":[{"href":"https:\/\/www.caririemacao.com\/1\/wp-json\/wp\/v2\/types\/post"}],"author":[{"embeddable":true,"href":"https:\/\/www.caririemacao.com\/1\/wp-json\/wp\/v2\/users\/2"}],"replies":[{"embeddable":true,"href":"https:\/\/www.caririemacao.com\/1\/wp-json\/wp\/v2\/comments?post=189058"}],"version-history":[{"count":1,"href":"https:\/\/www.caririemacao.com\/1\/wp-json\/wp\/v2\/posts\/189058\/revisions"}],"predecessor-version":[{"id":189060,"href":"https:\/\/www.caririemacao.com\/1\/wp-json\/wp\/v2\/posts\/189058\/revisions\/189060"}],"wp:featuredmedia":[{"embeddable":true,"href":"https:\/\/www.caririemacao.com\/1\/wp-json\/wp\/v2\/media\/189059"}],"wp:attachment":[{"href":"https:\/\/www.caririemacao.com\/1\/wp-json\/wp\/v2\/media?parent=189058"}],"wp:term":[{"taxonomy":"category","embeddable":true,"href":"https:\/\/www.caririemacao.com\/1\/wp-json\/wp\/v2\/categories?post=189058"},{"taxonomy":"post_tag","embeddable":true,"href":"https:\/\/www.caririemacao.com\/1\/wp-json\/wp\/v2\/tags?post=189058"}],"curies":[{"name":"wp","href":"https:\/\/api.w.org\/{rel}","templated":true}]}}