{"id":189064,"date":"2020-09-19T12:52:14","date_gmt":"2020-09-19T15:52:14","guid":{"rendered":"https:\/\/www.caririemacao.com\/1\/?p=189064"},"modified":"2020-09-19T12:52:14","modified_gmt":"2020-09-19T15:52:14","slug":"os-convocados-por-tite-para-as-eliminatorias-da-copa-do-mundo","status":"publish","type":"post","link":"https:\/\/www.caririemacao.com\/1\/2020\/09\/19\/os-convocados-por-tite-para-as-eliminatorias-da-copa-do-mundo\/","title":{"rendered":"Os convocados por Tite para as eliminat\u00f3rias da Copa do Mundo"},"content":{"rendered":"\n<h1 class=\"wp-block-heading\"><\/h1>\n\n\n\n<p>O t\u00e9cnico Tite convocou nesta sexta-feira (18) os jogadores da sele\u00e7\u00e3o brasileira para o in\u00edcio das eliminat\u00f3rias para a Copa do Mundo de 2022, no Qatar. Foi a segunda vez que ele precisou fazer esse chamado, j\u00e1 que a primeira lista foi descartada com a paralisa\u00e7\u00e3o do futebol pela pandemia do novo coronav\u00edrus.<\/p>\n\n\n\n<p>A nova rela\u00e7\u00e3o tem 16 dos nomes que estavam no rol divulgado em mar\u00e7o e 7 que n\u00e3o estavam inicialmente nos planos. Entre as novidades est\u00e1 Gabriel Menino, 19, meio-campista do Palmeiras que foi inclu\u00eddo na rela\u00e7\u00e3o como lateral direito \u2013fun\u00e7\u00e3o que ele tamb\u00e9m j\u00e1 exerceu no clube.<\/p>\n\n\n\n<p>\u201cEle vem sendo utilizado tamb\u00e9m como lateral, tem forma\u00e7\u00e3o na base como lateral. Acompanhamos quatro jogos in loco e oito pela TV. \u00c9 um novo talento que surgiu, junto com outros, em uma posi\u00e7\u00e3o importante\u201d, afirmou Tite.<\/p>\n\n\n\n<p>\u201cA fun\u00e7\u00e3o ofensiva dele vai ser de articula\u00e7\u00e3o, similar \u00e0 que ele exerce no Palmeiras. \u00c9 um lateral meio-campista, podendo jogar tamb\u00e9m mais aberto, dando amplitude, se for necess\u00e1rio\u201d, acrescentou.<\/p>\n\n\n\n<p>O Brasil come\u00e7ar\u00e1 sua caminhada rumo ao Mundial do Qatar em S\u00e3o Paulo, na Neo Qu\u00edmica Arena, em duelo com a Bol\u00edvia, no dia 9 de outubro. Na sequ\u00eancia, no dia 13, a equipe vai enfrentar o Peru, em Lima. As partidas, como tem sido praxe, ser\u00e3o realizadas sem p\u00fablico.<\/p>\n\n\n\n<p>Para esses confrontos, Tite vai novamente apostar em alguns atletas que j\u00e1 eram pilares do time nacional, como Thiago Silva, agora no Chelsea, e Neymar, do PSG. E tamb\u00e9m ter\u00e1 no elenco jovens em busca de espa\u00e7o, caso do volante Douglas Luiz, do Aston Villa, e do atacante Rodrygo, ex-Santos, do Real Madrid.<\/p>\n\n\n\n<p>Algumas das mudan\u00e7as em rela\u00e7\u00e3o \u00e0 lista original s\u00e3o decorrentes de quest\u00f5es f\u00edsicas. O goleiro Alisson, que n\u00e3o teria condi\u00e7\u00f5es de atuar em mar\u00e7o, voltou a ser chamado. J\u00e1 o lateral direito Daniel Alves, que est\u00e1 em recupera\u00e7\u00e3o de uma cirurgia no bra\u00e7o, desta vez ficou fora.<\/p>\n\n\n\n<p>O treinador lembrou que alguns jogadores passaram muito tempo parados, como os meio-campistas Arthur e Lucas Paquet\u00e1, que eram figuras constantes na sele\u00e7\u00e3o e n\u00e3o foram chamados. O zagueiro Milit\u00e3o e o lateral Alex Sandro tiveram les\u00f5es.<\/p>\n\n\n\n<p>Dois jogadores do Flamengo perderam espa\u00e7o e um ganhou. O zagueiro Rodrigo Caio est\u00e1 novamente no grupo. J\u00e1 Bruno Henrique e Gabriel Barbosa agora ficaram fora. O meia \u00c9verton Ribeiro foi novamente chamado.<\/p>\n\n\n\n<p>Al\u00e9m de Gabriel Menino, Rodrigo Caio e de \u00c9verton Ribeiro, foram lembrados outros dois atletas que atuam no futebol brasileiro: os goleiros Weverton, do Palmeiras, e Santos, do Athletico. Eles desfalcar\u00e3o suas equipes na 14\u00aa, na 15\u00aa e, possivelmente, na 16\u00aa rodada do Brasileiro.<\/p>\n\n\n\n<p>Desta vez, a lista apresentada tem 23 nomes, n\u00e3o 24. Isso porque agora Tite poder\u00e1 utilizar Gabriel Jesus nas duas partidas que abrir\u00e3o a campanha do Brasil nas eliminat\u00f3rias, n\u00e3o apenas na primeira. Por isso, n\u00e3o h\u00e1 necessidade de levar um atacante extra.<\/p>\n\n\n\n<p>Ele teria que cumprir suspens\u00e3o de um jogo por sua expuls\u00e3o na final da Copa Am\u00e9rica de 2019, mas agora est\u00e1 liberado para enfrentar Bol\u00edvia (9.out) e Peru (13.out).<\/p>\n\n\n\n<p>Jesus \u00e9 um dos remanescentes do grupo que esteve na Copa do Mundo de 2018, mas j\u00e1 h\u00e1 uma renova\u00e7\u00e3o consider\u00e1vel. Dos 23 que estiveram na R\u00fassia, apenas 9 foram chamados para o in\u00edcio da campanha nas eliminat\u00f3rias para a disputa no Qatar.<\/p>\n\n\n\n<p>Veja a lista dos jogadores convocados:<br>Goleiros<br>Alisson (Liverpool)<br>Weverton (Palmeiras)<br>Santos (Athletico-PR)<\/p>\n\n\n\n<p>Laterais<br>Danilo (Juventus)<br>Gabriel Menino (Palmeiras)<br>Alex Telles (Porto)<br>Renan Lodi (Atl\u00e9tico de Madrid)<\/p>\n\n\n\n<p>Zagueiros<br>Marquinhos (Paris Saint-Germain)<br>Thiago Silva (Chelsea)<br>Felipe (Atl\u00e9tico de Madrid)<br>Rodrigo Caio (Flamengo)<\/p>\n\n\n\n<p>Volantes<br>Casemiro (Real Madrid)<br>Bruno Guimar\u00e3es (Lyon)<br>Fabinho (Liverpool)<br>Douglas Luiz (Aston Villa)<\/p>\n\n\n\n<p>Meias<br>Philippe Coutinho (Barcelona)<br>\u00c9verton Ribeiro (Flamengo)<\/p>\n\n\n\n<p>Atacantes<br>Neymar (PSG)<br>Roberto Firmino (Liverpool)<br>Gabriel Jesus (Manchester City)<br>Everton (Benfica)<br>Richarlison (Everton)<br>Rodrygo (Real Madrid)<\/p>\n","protected":false},"excerpt":{"rendered":"<p>O t\u00e9cnico Tite convocou nesta sexta-feira (18) os jogadores da sele\u00e7\u00e3o brasileira para o in\u00edcio das eliminat\u00f3rias para a Copa do Mundo de 2022, no&hellip; <\/p>\n","protected":false},"author":2,"featured_media":189065,"comment_status":"closed","ping_status":"closed","sticky":false,"template":"","format":"standard","meta":{"sfsi_plus_gutenberg_text_before_share":"","sfsi_plus_gutenberg_show_text_before_share":"","sfsi_plus_gutenberg_icon_type":"","sfsi_plus_gutenberg_icon_alignemt":"","sfsi_plus_gutenburg_max_per_row":"","footnotes":""},"categories":[13],"tags":[],"class_list":["post-189064","post","type-post","status-publish","format-standard","has-post-thumbnail","hentry","category-esportes"],"_links":{"self":[{"href":"https:\/\/www.caririemacao.com\/1\/wp-json\/wp\/v2\/posts\/189064","targetHints":{"allow":["GET"]}}],"collection":[{"href":"https:\/\/www.caririemacao.com\/1\/wp-json\/wp\/v2\/posts"}],"about":[{"href":"https:\/\/www.caririemacao.com\/1\/wp-json\/wp\/v2\/types\/post"}],"author":[{"embeddable":true,"href":"https:\/\/www.caririemacao.com\/1\/wp-json\/wp\/v2\/users\/2"}],"replies":[{"embeddable":true,"href":"https:\/\/www.caririemacao.com\/1\/wp-json\/wp\/v2\/comments?post=189064"}],"version-history":[{"count":1,"href":"https:\/\/www.caririemacao.com\/1\/wp-json\/wp\/v2\/posts\/189064\/revisions"}],"predecessor-version":[{"id":189066,"href":"https:\/\/www.caririemacao.com\/1\/wp-json\/wp\/v2\/posts\/189064\/revisions\/189066"}],"wp:featuredmedia":[{"embeddable":true,"href":"https:\/\/www.caririemacao.com\/1\/wp-json\/wp\/v2\/media\/189065"}],"wp:attachment":[{"href":"https:\/\/www.caririemacao.com\/1\/wp-json\/wp\/v2\/media?parent=189064"}],"wp:term":[{"taxonomy":"category","embeddable":true,"href":"https:\/\/www.caririemacao.com\/1\/wp-json\/wp\/v2\/categories?post=189064"},{"taxonomy":"post_tag","embeddable":true,"href":"https:\/\/www.caririemacao.com\/1\/wp-json\/wp\/v2\/tags?post=189064"}],"curies":[{"name":"wp","href":"https:\/\/api.w.org\/{rel}","templated":true}]}}