{"id":189067,"date":"2020-09-19T12:54:54","date_gmt":"2020-09-19T15:54:54","guid":{"rendered":"https:\/\/www.caririemacao.com\/1\/?p=189067"},"modified":"2020-09-19T12:54:54","modified_gmt":"2020-09-19T15:54:54","slug":"mais-1-milhao-de-pessoas-saem-em-busca-de-vaga-no-brasil","status":"publish","type":"post","link":"https:\/\/www.caririemacao.com\/1\/2020\/09\/19\/mais-1-milhao-de-pessoas-saem-em-busca-de-vaga-no-brasil\/","title":{"rendered":"Mais 1 milh\u00e3o de pessoas saem em busca de vaga no Brasil"},"content":{"rendered":"\n<p>A volta dos brasileiros \u00e0s ruas j\u00e1 come\u00e7a a pressionar a taxa de desemprego, que na quarta semana de agosto bateu 14,3%, o maior n\u00edvel desde o in\u00edcio da pandemia. S\u00e3o, ao todo, 13,7 milh\u00f5es de desempregados, informou nesta sexta (18) o IBGE (Instituto Brasileiro de Geografia e Estat\u00edstica).<\/p>\n\n\n\n<p>Em uma semana, segundo o instituto, 1,1 milh\u00e3o de pessoas ingressaram na fila do empredo no pa\u00eds, o que explica a press\u00e3o sobre a taxa de desemprego, que saltou de 13,3% para 14,3% -o indicador considera apenas as pessoas que disseram ter ido atr\u00e1s de uma vaga no per\u00edodo pesquisado.<\/p>\n\n\n\n<p>Os dados s\u00e3o da pesquisa Pnad Covid, que busca identificar os efeitos da pandemia no mercado de trabalho, e n\u00e3o devem ser comparados com a Pnad (Pesquisa Nacional por Amostra Domiciliar) Cont\u00ednua, que mede a taxa oficial de desemprego do pa\u00eds.<\/p>\n\n\n\n<p>Mas apontam tend\u00eancias sobre o crescimento do desemprego no pa\u00eds. No segundo trimestre, a Pnad Cont\u00ednua trouxe uma taxa de desemprego de 13,3%, a maior para o per\u00edodo desde que a pesquisa come\u00e7ou a ser feita no formato atual, em 2012.<\/p>\n\n\n\n<p>No in\u00edcio da pandemia, com a popula\u00e7\u00e3o em isolamento e o com\u00e9rcio fechado na maior parte do pa\u00eds, a taxa de desemprego medida pela Pnad Covid era de 10,5%, j\u00e1 que menos gente se dispunha a sair em busca de trabalho.<\/p>\n\n\n\n<p>\u201cO mercado de trabalho estava em ritmo de espera para ver como as coisas iam se desenrolar. As empresas estavam fechadas e n\u00e3o tinha local onde essas pessoas pudessem trabalhar\u201d, diz a coordenadora da pesquisa, Maria L\u00facia Vieira. \u201c\u00c0 medida que o distanciamento social vai sendo afrouxado, elas v\u00e3o retornando ao mercado de trabalho em busca de atividades.\u201d<\/p>\n\n\n\n<p>A pesquisa do IBGE constatou que, com a reabertura da economia, o n\u00famero de pessoas que dizem respeitar isolamento de forma rigorosa caiu pela segunda semana seguida. Na \u00faltima semana de agosto, foram 38,9 milh\u00f5es, queda de 6,5% em rela\u00e7\u00e3o \u00e0 semana anterior.<\/p>\n\n\n\n<p>Para a coordenadora da pesquisa, h\u00e1 rela\u00e7\u00e3o direta entre o aumento das pessoas em busca de trabalho e a flexibiliza\u00e7\u00e3o do isolamento social. \u201cA gente est\u00e1 vendo uma maior flexibilidade das pessoas, uma maior locomo\u00e7\u00e3o em rela\u00e7\u00e3o ao mercado de trabalho, pressionando o mercado de trabalho, buscando emprego\u201d, afirma.<\/p>\n\n\n\n<p>Com a reabertura das lojas, ind\u00fastria, com\u00e9rcio e servi\u00e7os come\u00e7aram a reagir ao tombo inicial da pandemia. Os dois primeiros j\u00e1 acumulam tr\u00eas meses de alta consecutiva. O \u00faltimo reage de forma mais lenta, mas chegou ao segundo m\u00eas de alta.<\/p>\n\n\n\n<p>Segmentos industriais que tiveram grandes demiss\u00f5es no in\u00edcio da pandemia, como t\u00eaxtil e cal\u00e7adista, come\u00e7aram a repor empregados diante do aumento das encomendas. Em julho, o pa\u00eds teve um saldo positivo de 131 mil empregos formais gerados.<\/p>\n\n\n\n<p>Os dados do IBGE mostram, por\u00e9m, que a pandemia afetou mais o trabalhador informal, que foi impedido de ir \u00e0s ruas prestar seus servi\u00e7os. As vagas formais foram menos atingidas com o apoio de programas do governo para preservar o emprego, como a suspens\u00e3o de contratos e a redu\u00e7\u00e3o da jornada.<\/p>\n\n\n\n<p>O IBGE calcula, por\u00e9m, que ainda h\u00e1 74,4 milh\u00f5es de brasileiros fora da for\u00e7a de trabalho. S\u00e3o aqueles que n\u00e3o procuram emprego porque n\u00e3o t\u00eam necessidade ou porque acham que n\u00e3o v\u00e3o encontrar uma vaga, embora tenham vontade de trabalhar. Esse \u00faltimo grupo re\u00fane 26,7 milh\u00f5es de pessoas.<\/p>\n\n\n\n<p>Isso indica que a taxa de desemprego deve ser ainda mais pressionada nos pr\u00f3ximos meses, quando parte desse contingente voltar ao mercado. Para economistas, sem a queda no n\u00famero de brasileiros que procuravam emprego, a taxa real de desemprego hoje seria superior a 20%.<\/p>\n","protected":false},"excerpt":{"rendered":"<p>A volta dos brasileiros \u00e0s ruas j\u00e1 come\u00e7a a pressionar a taxa de desemprego, que na quarta semana de agosto bateu 14,3%, o maior n\u00edvel&hellip; <\/p>\n","protected":false},"author":2,"featured_media":188993,"comment_status":"closed","ping_status":"closed","sticky":false,"template":"","format":"standard","meta":{"sfsi_plus_gutenberg_text_before_share":"","sfsi_plus_gutenberg_show_text_before_share":"","sfsi_plus_gutenberg_icon_type":"","sfsi_plus_gutenberg_icon_alignemt":"","sfsi_plus_gutenburg_max_per_row":"","footnotes":""},"categories":[2],"tags":[],"class_list":["post-189067","post","type-post","status-publish","format-standard","has-post-thumbnail","hentry","category-geral"],"_links":{"self":[{"href":"https:\/\/www.caririemacao.com\/1\/wp-json\/wp\/v2\/posts\/189067","targetHints":{"allow":["GET"]}}],"collection":[{"href":"https:\/\/www.caririemacao.com\/1\/wp-json\/wp\/v2\/posts"}],"about":[{"href":"https:\/\/www.caririemacao.com\/1\/wp-json\/wp\/v2\/types\/post"}],"author":[{"embeddable":true,"href":"https:\/\/www.caririemacao.com\/1\/wp-json\/wp\/v2\/users\/2"}],"replies":[{"embeddable":true,"href":"https:\/\/www.caririemacao.com\/1\/wp-json\/wp\/v2\/comments?post=189067"}],"version-history":[{"count":1,"href":"https:\/\/www.caririemacao.com\/1\/wp-json\/wp\/v2\/posts\/189067\/revisions"}],"predecessor-version":[{"id":189068,"href":"https:\/\/www.caririemacao.com\/1\/wp-json\/wp\/v2\/posts\/189067\/revisions\/189068"}],"wp:featuredmedia":[{"embeddable":true,"href":"https:\/\/www.caririemacao.com\/1\/wp-json\/wp\/v2\/media\/188993"}],"wp:attachment":[{"href":"https:\/\/www.caririemacao.com\/1\/wp-json\/wp\/v2\/media?parent=189067"}],"wp:term":[{"taxonomy":"category","embeddable":true,"href":"https:\/\/www.caririemacao.com\/1\/wp-json\/wp\/v2\/categories?post=189067"},{"taxonomy":"post_tag","embeddable":true,"href":"https:\/\/www.caririemacao.com\/1\/wp-json\/wp\/v2\/tags?post=189067"}],"curies":[{"name":"wp","href":"https:\/\/api.w.org\/{rel}","templated":true}]}}