{"id":189073,"date":"2020-09-19T13:00:34","date_gmt":"2020-09-19T16:00:34","guid":{"rendered":"https:\/\/www.caririemacao.com\/1\/?p=189073"},"modified":"2020-09-19T13:00:34","modified_gmt":"2020-09-19T16:00:34","slug":"inmet-emite-dois-alertas-de-baixa-umidade-relativa-do-ar-em-133-municipios-paraibanos","status":"publish","type":"post","link":"https:\/\/www.caririemacao.com\/1\/2020\/09\/19\/inmet-emite-dois-alertas-de-baixa-umidade-relativa-do-ar-em-133-municipios-paraibanos\/","title":{"rendered":"Inmet emite dois alertas de baixa umidade relativa do ar em 133 munic\u00edpios paraibanos"},"content":{"rendered":"\n<p>O Instituto Nacional de Meteorologia (Inmet) emitiu dois alertas de baixa umidade em 133 munic\u00edpios da Para\u00edba. Os avisos t\u00eam validade&nbsp;at\u00e9 18h deste domingo (20). Os alertas s\u00e3o laranja (perigo), e amarelo (perigo potencial). Treze cidades est\u00e3o nos dois alertas. No amarelo, a&nbsp;umidade relativa do ar varia entre 30% e 20% e h\u00e1 baixo risco para a sa\u00fade e de inc\u00eandios florestais.<\/p>\n\n\n\n<p>O&nbsp;alerta laranja, requer mais aten\u00e7\u00e3o da popula\u00e7\u00e3o, pois a umidade relativa do ar varia entre 20% e 12%, com risco de inc\u00eandios florestais, ressecamento da pele, desconforto nos olhos, boca e nariz. \u00c9 recomendado que n\u00e3o sejam feitas atividades f\u00edsicas e que os habitantes bebam bastante \u00e1gua e umidifique os ambientes.&nbsp;Para mais informa\u00e7\u00f5es, a Defesa Civil pode ser acionada pelo telefone 199 e o Corpo de Bombeiros no telefone 193.<\/p>\n\n\n\n<p><strong>Munic\u00edpios no alerta amarelo:<\/strong><\/p>\n\n\n\n<p>\u00c1gua Branca<br>Algod\u00e3o De Janda\u00edra<br>Amparo<br>Areia De Bara\u00fanas<br>Assun\u00e7\u00e3o<br>Bara\u00fana<br>Barra De Santa Rosa<br>Barra De S\u00e3o Miguel<br>Bel\u00e9m Do Brejo Do Cruz<br>Boa Vista<br>Boqueir\u00e3o<br>Brejo Do Cruz<br>Cabaceiras<br>Cacimba De Areia<br>Cacimbas<br>Camala\u00fa<br>Campina Grande<br>Cara\u00fabas<br>Catingueira<br>Congo<br>Coxixola<br>Cubati<br>Cuit\u00e9<br>Desterro<br>Frei Martinho<br>Gurj\u00e3o<br>Imaculada<br>Juazeirinho<br>Junco Do Serid\u00f3<br>Livramento<br>Malta<br>Matur\u00e9ia<br>Monteiro<br>M\u00e3e D&#8217;\u00c1gua<br>Nova Floresta<br>Nova Palmeira<br>Olho D&#8217;\u00c1gua<br>Olivedos<br>Ouro Velho<br>Parari<br>Passagem<br>Patos<br>Pedra Lavrada<br>Picu\u00ed<br>Pocinhos<br>Prata<br>Quixab\u00e1<br>Riacho De Santo Ant\u00f4nio<br>Salgadinho<br>Santa Luzia<br>Santa Teresinha<br>Santo Andr\u00e9<br>Serra Branca<br>Soledade<br>Soss\u00eago<br>Sum\u00e9<br>S\u00e3o Bento<br>S\u00e3o Domingos Do Cariri<br>S\u00e3o Jos\u00e9 De Espinharas<br>S\u00e3o Jos\u00e9 Do Bonfim<br>S\u00e3o Jos\u00e9 Do Brejo Do Cruz<br>S\u00e3o Jos\u00e9 Do Sabugi<br>S\u00e3o Jos\u00e9 Dos Cordeiros<br>S\u00e3o Jo\u00e3o Do Cariri<br>S\u00e3o Jo\u00e3o Do Tigre<br>S\u00e3o Mamede<br>S\u00e3o Sebasti\u00e3o Do Umbuzeiro<br>S\u00e3o Vicente Do Serid\u00f3<br>Tapero\u00e1<br>Teixeira<br>Ten\u00f3rio<br>V\u00e1rzea<br>Zabel\u00ea<\/p>\n\n\n\n<p><strong>Munic\u00edpios no alerta laranja:<\/strong><\/p>\n\n\n\n<p>\u00c1gua Branca<br>Aguiar<br>Aparecida<br>Bel\u00e9m Do Brejo Do Cruz<br>Bernardino Batista<br>Boa Ventura<br>Bom Jesus<br>Bom Sucesso<br>Bonito De Santa F\u00e9<br>Brejo Do Cruz<br>Brejo Dos Santos<br>Cachoeira Dos \u00cdndios<br>Cajazeiras<br>Cajazeirinhas<br>Carrapateira<br>Catingueira<br>Catol\u00e9 Do Rocha<br>Concei\u00e7\u00e3o<br>Condado<br>Coremas<br>Curral Velho<br>Diamante<br>Emas<br>Ibiara<br>Igaracy<br>Imaculada<br>Itaporanga<br>Jeric\u00f3<br>Joca Claudino<br>Juru<br>Lagoa<br>Lastro<br>Malta<br>Mana\u00edra<br>Mariz\u00f3polis<br>Mato Grosso<br>Monte Horebe<br>Nazarezinho<br>Nova Olinda<br>Olho D&#8217;\u00c1gua<br>Patos<br>Paulista<br>Pedra Branca<br>Pianc\u00f3<br>Pombal<br>Po\u00e7o Dantas<br>Po\u00e7o De Jos\u00e9 De Moura<br>Princesa Isabel<br>Riacho Dos Cavalos<br>Santa Cruz<br>Santa Helena<br>Santa In\u00eas<br>Santa Teresinha<br>Santana De Mangueira<br>Santana Dos Garrotes<br>Serra Grande<br>Sousa<br>S\u00e3o Bentinho<br>S\u00e3o Bento<br>S\u00e3o Domingos<br>S\u00e3o Francisco<br>S\u00e3o Jos\u00e9 Da Lagoa Tapada<br>S\u00e3o Jos\u00e9 De Caiana<br>S\u00e3o Jos\u00e9 De Espinharas<br>S\u00e3o Jos\u00e9 De Piranhas<br>S\u00e3o Jos\u00e9 De Princesa<br>S\u00e3o Jos\u00e9 Do Brejo Do Cruz<br>S\u00e3o Jo\u00e3o Do Rio Do Peixe<br>Tavares<br>Triunfo<br>Uira\u00fana<br>Vieir\u00f3polis<br>Vista Serrana<\/p>\n","protected":false},"excerpt":{"rendered":"<p>O Instituto Nacional de Meteorologia (Inmet) emitiu dois alertas de baixa umidade em 133 munic\u00edpios da Para\u00edba. Os avisos t\u00eam validade&nbsp;at\u00e9 18h deste domingo (20).&hellip; <\/p>\n","protected":false},"author":2,"featured_media":189074,"comment_status":"closed","ping_status":"closed","sticky":false,"template":"","format":"standard","meta":{"sfsi_plus_gutenberg_text_before_share":"","sfsi_plus_gutenberg_show_text_before_share":"","sfsi_plus_gutenberg_icon_type":"","sfsi_plus_gutenberg_icon_alignemt":"","sfsi_plus_gutenburg_max_per_row":"","footnotes":""},"categories":[2],"tags":[],"class_list":["post-189073","post","type-post","status-publish","format-standard","has-post-thumbnail","hentry","category-geral"],"_links":{"self":[{"href":"https:\/\/www.caririemacao.com\/1\/wp-json\/wp\/v2\/posts\/189073","targetHints":{"allow":["GET"]}}],"collection":[{"href":"https:\/\/www.caririemacao.com\/1\/wp-json\/wp\/v2\/posts"}],"about":[{"href":"https:\/\/www.caririemacao.com\/1\/wp-json\/wp\/v2\/types\/post"}],"author":[{"embeddable":true,"href":"https:\/\/www.caririemacao.com\/1\/wp-json\/wp\/v2\/users\/2"}],"replies":[{"embeddable":true,"href":"https:\/\/www.caririemacao.com\/1\/wp-json\/wp\/v2\/comments?post=189073"}],"version-history":[{"count":1,"href":"https:\/\/www.caririemacao.com\/1\/wp-json\/wp\/v2\/posts\/189073\/revisions"}],"predecessor-version":[{"id":189075,"href":"https:\/\/www.caririemacao.com\/1\/wp-json\/wp\/v2\/posts\/189073\/revisions\/189075"}],"wp:featuredmedia":[{"embeddable":true,"href":"https:\/\/www.caririemacao.com\/1\/wp-json\/wp\/v2\/media\/189074"}],"wp:attachment":[{"href":"https:\/\/www.caririemacao.com\/1\/wp-json\/wp\/v2\/media?parent=189073"}],"wp:term":[{"taxonomy":"category","embeddable":true,"href":"https:\/\/www.caririemacao.com\/1\/wp-json\/wp\/v2\/categories?post=189073"},{"taxonomy":"post_tag","embeddable":true,"href":"https:\/\/www.caririemacao.com\/1\/wp-json\/wp\/v2\/tags?post=189073"}],"curies":[{"name":"wp","href":"https:\/\/api.w.org\/{rel}","templated":true}]}}