{"id":189084,"date":"2020-09-19T14:22:36","date_gmt":"2020-09-19T17:22:36","guid":{"rendered":"https:\/\/www.caririemacao.com\/1\/?p=189084"},"modified":"2020-09-19T14:22:36","modified_gmt":"2020-09-19T17:22:36","slug":"bolsonaro-sobre-coronavirus-gracas-a-deus-estava-no-caminho-certo","status":"publish","type":"post","link":"https:\/\/www.caririemacao.com\/1\/2020\/09\/19\/bolsonaro-sobre-coronavirus-gracas-a-deus-estava-no-caminho-certo\/","title":{"rendered":"Bolsonaro sobre coronav\u00edrus: \u201cgra\u00e7as a Deus\u201d estava no caminho certo"},"content":{"rendered":"\n<p>Ap\u00f3s mais de 135 mil mortes em decorr\u00eancia da Covid-19, o presidente Jair Bolsonaro (sem partido) disse neste s\u00e1bado (19) que foi motivo de chacota, mas que \u201cgra\u00e7as a Deus\u201d estava no caminho certo no enfrentamento \u00e0 pandemia. O presidente tamb\u00e9m voltou a criticar o Judici\u00e1rio.<\/p>\n\n\n\n<p>Segundo ele, a normalidade deve ser restabelecida ainda neste ano. Bolsonaro afirmou ainda que o Brasil foi o pa\u00eds do mundo que melhor se saiu, em rela\u00e7\u00e3o \u00e0 economia, durante a pandemia.<\/p>\n\n\n\n<p>\u201cSe naquela \u00e9poca [in\u00edcio da pandemia] at\u00e9 mesmo a chacota se fez presente, hoje, gra\u00e7as a Deus, estamos vendo que est\u00e1vamos no caminho certo. Se Deus quiser, voltaremos \u00e0 normalidade ainda no corrente ano\u201d, disse durante evento da igreja Assembleia de Deus, em Bras\u00edlia.<\/p>\n\n\n\n<p>Nesta sexta-feira (18), em evento em Sorriso (MT), Bolsonaro havia voltado a minimizar a Covid-19. Ele parabenizou os produtores agr\u00edcolas que \u201cn\u00e3o entraram na conversinha mole de ficar em casa\u201d na pandemia.<\/p>\n\n\n\n<p>\u201cVoc\u00eas n\u00e3o pararam durante a pandemia. Voc\u00eas n\u00e3o entraram na conversinha mole de \u2018fica em casa\u2019. Isso \u00e9 para os fracos\u201d, disse a uma plateia de produtores rurais e apoiadores em Sorriso, no norte do estado.<\/p>\n\n\n\n<p>Neste s\u00e1bado, defendeu seus posicionamentos no enfrentamento da pandemia no evento religioso.<\/p>\n\n\n\n<p>\u201cTem uma passagem militar que vale para todos n\u00f3s. Pior que uma decis\u00e3o mal tomada \u00e9 uma indecis\u00e3o. Por vezes, os senhores tomam decis\u00f5es reservadamente. Eu tive de tomar decis\u00f5es mesmo sendo tolhido pelo Poder Judici\u00e1rio\u201d, disse o presidente.<\/p>\n\n\n\n<p>Bolsonaro tem criticado reiteradamente decis\u00f5es do STF (Supremo Tribunal Federal) que autorizou que munic\u00edpios e estados t\u00eam compet\u00eancia concorrente com a Uni\u00e3o para estabelecer medidas de combate \u00e0 Covid-19. O STF n\u00e3o impediu o presidente, por\u00e9m, de tomar decis\u00f5es.<\/p>\n\n\n\n<p>A visita do presidente ao evento dos evang\u00e9licos ocorre na semana em que ele vetou o perd\u00e3o a d\u00edvidas tribut\u00e1rias das igrejas. O montante do benef\u00edcio chega a cerca de R$ 1 bilh\u00e3o.<\/p>\n\n\n\n<p>Em publica\u00e7\u00e3o nas redes sociais, Bolsonaro sugeriu, no entanto, que os congressistas derrubem seu pr\u00f3prio veto. O presidente explicou que s\u00f3 n\u00e3o manteve o dispositivo para evitar \u201cum quase certo processo de impeachment\u201d.<\/p>\n\n\n\n<p>O est\u00edmulo \u00e0 derrubada do veto foi refor\u00e7ado em conversas com parlamentares da bancada evang\u00e9lica.<\/p>\n\n\n\n<p>Por volta de 10h30, o presidente chegou \u00e0 chamada Catedral da Baleia para a Assembleia Geral Extraordin\u00e1ria da Conven\u00e7\u00e3o Estadual do Distrito Federal e Entorno, da igreja Assembleia de Deus de Madureira.<\/p>\n\n\n\n<p>Tamb\u00e9m participou do evento o governador de Goi\u00e1s, Ronaldo Caiado (DEM), que \u00e9 m\u00e9dico.<\/p>\n\n\n\n<p>Antes desafeto do presidente por causa das a\u00e7\u00f5es no combate ao novo coronav\u00edrus, Caiado elogiou Bolsonaro em seu discurso. Ele disse que o aux\u00edlio emergencial de R$ 600 evitou um \u201ccaos social\u201d por causa do desemprego.<\/p>\n\n\n\n<p>Bolsonaro novamente afirmou que estava certo em suas cr\u00edticas ao isolamento social, relembrando os \u201cpasseios\u201d que fazia no in\u00edcio da pandemia.<\/p>\n\n\n\n<p>\u201cEstamos aqui para, mais do que tomar decis\u00f5es, para estar ao lado do povo, como estive no in\u00edcio da pandemia, em Ceil\u00e2ndia, Taguatinga, entre outros munic\u00edpios. Sempre fui criticado que devia ficar em casa\u201d, disse.<\/p>\n\n\n\n<p>O presidente disse que o Brasil passou por \u201cuma grande prova\u00e7\u00e3o\u201d. \u201cOu melhor, estamos no final dela. O momento que se abateu sobre todo o mundo. Na parte econ\u00f4mica, o Brasil foi o que melhor se saiu\u201d, disse, sem apresentar dados.<\/p>\n\n\n\n<p>Nesta sexta, o IBGE (Instituto Brasileiro de Geografia e Estat\u00edstica) mostrou que, a volta dos brasileiros \u00e0s ruas j\u00e1 pressiona a taxa de desemprego no pa\u00eds.<\/p>\n\n\n\n<p>Na quarta semana de agosto, o \u00edndice bateu 14,3%, o maior n\u00edvel desde o in\u00edcio da pandemia. S\u00e3o, ao todo, 13,7 milh\u00f5es de desempregados.<\/p>\n\n\n\n<p>Em uma semana, segundo o IBGE, 1,1 milh\u00e3o de pessoas ingressaram na fila do emprego no pa\u00eds, o que explica a press\u00e3o sobre a taxa de desemprego, que saltou de 13,2% para 14,3% \u2013o indicador considera apenas as pessoas que disseram ter ido atr\u00e1s de uma vaga no per\u00edodo pesquisado.<\/p>\n\n\n\n<p>Al\u00e9m disso, o PIB (Produto Interno Bruto) do Brasil teve queda recorde de 9,7% no segundo trimestre.<\/p>\n\n\n\n<p>Pa\u00edses como Jap\u00e3o e Estados Unidos tiveram retra\u00e7\u00f5es menores, de 7,8% e 9,1% (respectivamente), de acordo com dados compilados pela OCDE (Organiza\u00e7\u00e3o para a Coopera\u00e7\u00e3o e Desenvolvimento Econ\u00f4mico).<\/p>\n","protected":false},"excerpt":{"rendered":"<p>Ap\u00f3s mais de 135 mil mortes em decorr\u00eancia da Covid-19, o presidente Jair Bolsonaro (sem partido) disse neste s\u00e1bado (19) que foi motivo de chacota,&hellip; <\/p>\n","protected":false},"author":2,"featured_media":189085,"comment_status":"closed","ping_status":"closed","sticky":false,"template":"","format":"standard","meta":{"sfsi_plus_gutenberg_text_before_share":"","sfsi_plus_gutenberg_show_text_before_share":"","sfsi_plus_gutenberg_icon_type":"","sfsi_plus_gutenberg_icon_alignemt":"","sfsi_plus_gutenburg_max_per_row":"","footnotes":""},"categories":[11],"tags":[],"class_list":["post-189084","post","type-post","status-publish","format-standard","has-post-thumbnail","hentry","category-politica"],"_links":{"self":[{"href":"https:\/\/www.caririemacao.com\/1\/wp-json\/wp\/v2\/posts\/189084","targetHints":{"allow":["GET"]}}],"collection":[{"href":"https:\/\/www.caririemacao.com\/1\/wp-json\/wp\/v2\/posts"}],"about":[{"href":"https:\/\/www.caririemacao.com\/1\/wp-json\/wp\/v2\/types\/post"}],"author":[{"embeddable":true,"href":"https:\/\/www.caririemacao.com\/1\/wp-json\/wp\/v2\/users\/2"}],"replies":[{"embeddable":true,"href":"https:\/\/www.caririemacao.com\/1\/wp-json\/wp\/v2\/comments?post=189084"}],"version-history":[{"count":1,"href":"https:\/\/www.caririemacao.com\/1\/wp-json\/wp\/v2\/posts\/189084\/revisions"}],"predecessor-version":[{"id":189086,"href":"https:\/\/www.caririemacao.com\/1\/wp-json\/wp\/v2\/posts\/189084\/revisions\/189086"}],"wp:featuredmedia":[{"embeddable":true,"href":"https:\/\/www.caririemacao.com\/1\/wp-json\/wp\/v2\/media\/189085"}],"wp:attachment":[{"href":"https:\/\/www.caririemacao.com\/1\/wp-json\/wp\/v2\/media?parent=189084"}],"wp:term":[{"taxonomy":"category","embeddable":true,"href":"https:\/\/www.caririemacao.com\/1\/wp-json\/wp\/v2\/categories?post=189084"},{"taxonomy":"post_tag","embeddable":true,"href":"https:\/\/www.caririemacao.com\/1\/wp-json\/wp\/v2\/tags?post=189084"}],"curies":[{"name":"wp","href":"https:\/\/api.w.org\/{rel}","templated":true}]}}