{"id":189094,"date":"2020-09-19T15:51:51","date_gmt":"2020-09-19T18:51:51","guid":{"rendered":"https:\/\/www.caririemacao.com\/1\/?p=189094"},"modified":"2020-09-19T15:51:51","modified_gmt":"2020-09-19T18:51:51","slug":"vereador-pre-candidato-a-prefeito-ex-prefeito-ex-vereador-e-outros-8-sao-condenados","status":"publish","type":"post","link":"https:\/\/www.caririemacao.com\/1\/2020\/09\/19\/vereador-pre-candidato-a-prefeito-ex-prefeito-ex-vereador-e-outros-8-sao-condenados\/","title":{"rendered":"Vereador Pr\u00e9-candidato a prefeito, ex-prefeito, ex-vereador e outros 8 s\u00e3o condenados"},"content":{"rendered":"\n<p id=\"viewer-gtfv\">No \u00faltimo dia 11, o juiz da comarca de Soledade-PB, condenou o pr\u00e9-candidato a prefeito do munic\u00edpio de S\u00e3o Vicente do Serid\u00f3, <strong>Erivam dos Anjos Leonardo<\/strong>, conhecido como (Erivam de Biu) do partido PSD, o ex-prefeito da mesma cidade, <strong>Francisco Alves da Silva<\/strong>, conhecido como (Chico Berto), o ex-vereador <strong>C\u00e9lio Cordeiro Alves<\/strong>, conhecido como (C\u00e9lio Berto) do AVANTE e outros 8 envolvidos, que s\u00e3o familiares ou amigos do pr\u00e9-candidato ou da sua vice <strong>Corrinha Berto<\/strong>. A condena\u00e7\u00e3o se deu pelos crimes de apropria\u00e7\u00e3o de bens e rendas p\u00fablicas, e desvio em proveito pr\u00f3prio ou alheio, o qual trouxe dano ao er\u00e1rio publico municipal da cidade de S\u00e3o Vicente do Serid\u00f3 ao tempo.<\/p>\n\n\n\n<p id=\"viewer-1oj59\">A condena\u00e7\u00e3o se refere \u00e0 <strong>pr\u00e1tica de apresenta\u00e7\u00e3o de documentos falsos<\/strong> para se apropriar de empr\u00e9stimos mediante consigna\u00e7\u00e3o em folha de pagamento dos servidores do munic\u00edpio, onde foram inseridas informa\u00e7\u00f5es sobre a remunera\u00e7\u00e3o n\u00e3o verdadeira dos acusados, que se apresentaram para obter os empr\u00e9stimos com os documentos alterados, bem como manipulado documentos dos demais que n\u00e3o faziam parte da gest\u00e3o municipal para que os mesmos se beneficiassem do referido empr\u00e9stimo.<\/p>\n\n\n\n<p id=\"viewer-a0ul7\">Dentro da condena\u00e7\u00e3o, tamb\u00e9m est\u00e1 inclu\u00eddo o crime de <strong>falsidade ideol\u00f3gica<\/strong>, pois todos os documentos adulterados foram confeccionados sob as ordens do ex-prefeito, e posteriormente carimbados e autenticados pelo ex-secret\u00e1rio de finan\u00e7as e administra\u00e7\u00e3o, <strong>Paulo Xavier das Neves<\/strong> (Paulinho).<\/p>\n\n\n\n<p id=\"viewer-fbins\">Para piorar a situa\u00e7\u00e3o, o pagamento dos empr\u00e9stimos n\u00e3o foi feito com o rendimento dos acusados, e sim com <strong>VERBA P\u00daBLICA<\/strong>, por meio de boletos banc\u00e1rios em nome do munic\u00edpio de S\u00e3o Vicente do Serid\u00f3 e de transfer\u00eancias banc\u00e1rias realizadas pela Coordena\u00e7\u00e3o de Previd\u00eancia aos munic\u00edpios, sem haver qualquer registro na contabilidade do munic\u00edpio, aperfei\u00e7oando assim, o desvio.<\/p>\n\n\n\n<p id=\"viewer-a5a0g\">Veja a condena\u00e7\u00e3o:<\/p>\n\n\n\n<figure class=\"wp-block-image\"><img decoding=\"async\" data-src=\"https:\/\/static.wixstatic.com\/media\/040ee1_b567cc9a3e7141629ec7f184864d6c4f~mv2.jpg\/v1\/fit\/w_300,h_300,al_c,q_5\/file.jpg\" alt=\"\" src=\"data:image\/svg+xml;base64,PHN2ZyB3aWR0aD0iMSIgaGVpZ2h0PSIxIiB4bWxucz0iaHR0cDovL3d3dy53My5vcmcvMjAwMC9zdmciPjwvc3ZnPg==\" class=\"lazyload\" \/><\/figure>\n\n\n\n<figure class=\"wp-block-image\"><img decoding=\"async\" data-src=\"https:\/\/static.wixstatic.com\/media\/040ee1_b567cc9a3e7141629ec7f184864d6c4f~mv2.jpg\/v1\/fill\/w_898,h_1097,al_c,q_90\/040ee1_b567cc9a3e7141629ec7f184864d6c4f~mv2.webp\" alt=\"\" src=\"data:image\/svg+xml;base64,PHN2ZyB3aWR0aD0iMSIgaGVpZ2h0PSIxIiB4bWxucz0iaHR0cDovL3d3dy53My5vcmcvMjAwMC9zdmciPjwvc3ZnPg==\" class=\"lazyload\" \/><\/figure>\n","protected":false},"excerpt":{"rendered":"<p>No \u00faltimo dia 11, o juiz da comarca de Soledade-PB, condenou o pr\u00e9-candidato a prefeito do munic\u00edpio de S\u00e3o Vicente do Serid\u00f3, Erivam dos Anjos&hellip; <\/p>\n","protected":false},"author":2,"featured_media":189096,"comment_status":"closed","ping_status":"closed","sticky":false,"template":"","format":"standard","meta":{"sfsi_plus_gutenberg_text_before_share":"","sfsi_plus_gutenberg_show_text_before_share":"","sfsi_plus_gutenberg_icon_type":"","sfsi_plus_gutenberg_icon_alignemt":"","sfsi_plus_gutenburg_max_per_row":"","footnotes":""},"categories":[2],"tags":[],"class_list":["post-189094","post","type-post","status-publish","format-standard","has-post-thumbnail","hentry","category-geral"],"_links":{"self":[{"href":"https:\/\/www.caririemacao.com\/1\/wp-json\/wp\/v2\/posts\/189094","targetHints":{"allow":["GET"]}}],"collection":[{"href":"https:\/\/www.caririemacao.com\/1\/wp-json\/wp\/v2\/posts"}],"about":[{"href":"https:\/\/www.caririemacao.com\/1\/wp-json\/wp\/v2\/types\/post"}],"author":[{"embeddable":true,"href":"https:\/\/www.caririemacao.com\/1\/wp-json\/wp\/v2\/users\/2"}],"replies":[{"embeddable":true,"href":"https:\/\/www.caririemacao.com\/1\/wp-json\/wp\/v2\/comments?post=189094"}],"version-history":[{"count":1,"href":"https:\/\/www.caririemacao.com\/1\/wp-json\/wp\/v2\/posts\/189094\/revisions"}],"predecessor-version":[{"id":189095,"href":"https:\/\/www.caririemacao.com\/1\/wp-json\/wp\/v2\/posts\/189094\/revisions\/189095"}],"wp:featuredmedia":[{"embeddable":true,"href":"https:\/\/www.caririemacao.com\/1\/wp-json\/wp\/v2\/media\/189096"}],"wp:attachment":[{"href":"https:\/\/www.caririemacao.com\/1\/wp-json\/wp\/v2\/media?parent=189094"}],"wp:term":[{"taxonomy":"category","embeddable":true,"href":"https:\/\/www.caririemacao.com\/1\/wp-json\/wp\/v2\/categories?post=189094"},{"taxonomy":"post_tag","embeddable":true,"href":"https:\/\/www.caririemacao.com\/1\/wp-json\/wp\/v2\/tags?post=189094"}],"curies":[{"name":"wp","href":"https:\/\/api.w.org\/{rel}","templated":true}]}}