{"id":189402,"date":"2020-09-22T18:34:27","date_gmt":"2020-09-22T21:34:27","guid":{"rendered":"https:\/\/www.caririemacao.com\/1\/?p=189402"},"modified":"2020-09-22T18:34:27","modified_gmt":"2020-09-22T21:34:27","slug":"sargento-morre-afogado-em-arraial-do-cabo-apos-salvar-o-filho-de-9-anos-pm-destaca-ato-heroico","status":"publish","type":"post","link":"https:\/\/www.caririemacao.com\/1\/2020\/09\/22\/sargento-morre-afogado-em-arraial-do-cabo-apos-salvar-o-filho-de-9-anos-pm-destaca-ato-heroico\/","title":{"rendered":"Sargento morre afogado em Arraial do Cabo ap\u00f3s salvar o filho de 9 anos; PM destaca &#8216;ato heroico&#8217;"},"content":{"rendered":"\n<p class=\"wp-block-paragraph\">O sargento da Pol\u00edcia Militar Cassio Ferreira de Assis, de 41 anos, morreu afogado nesta segunda-feira (21)&nbsp;ap\u00f3s salvar o filho, de 9 anos, na Praia Grande, em Arraial do Cabo, Regi\u00e3o dos Lagos, no Rio de Janeiro.<\/p>\n\n\n\n<p class=\"wp-block-paragraph\">De acordo com os bombeiros, o menino foi atendido em um hospital da regi\u00e3o e liberado.<\/p>\n\n\n\n<p class=\"wp-block-paragraph\">Assis e a esposa estavam na praia. Ao ver que o filho estava se afogando, o pai&nbsp;pulou na \u00e1gua, ajudou a crian\u00e7a, mas acabou levado pelas ondas.<\/p>\n\n\n\n<p class=\"wp-block-paragraph\">O major Fl\u00e1vio Santiago, porta-voz da Pol\u00edcia Militar lamentou a morte do colega.<\/p>\n\n\n\n<blockquote class=\"wp-block-quote is-layout-flow wp-block-quote-is-layout-flow\"><p>\u201cEm um ato heroico, salvou o filho e perdeu a vida. Prestamos contin\u00eancia e solidariedade \u00e0 fam\u00edlia. Foi um grande her\u00f3i com ocorr\u00eancias relevantes em defesa de Minas Gerais\u201d, disse.<\/p><\/blockquote>\n\n\n\n<figure class=\"wp-block-image\"><img decoding=\"async\" src=\"https:\/\/s2.glbimg.com\/w5onokD9BP2ftfOo0_jB3JzpEP0=\/0x0:337x661\/984x0\/smart\/filters:strip_icc()\/i.s3.glbimg.com\/v1\/AUTH_59edd422c0c84a879bd37670ae4f538a\/internal_photos\/bs\/2020\/V\/p\/cQpb36RWSKJhU7VRSh3w\/sargento-assis.jpg\" alt=\"Sargento Assis da PMMG morre afogado ap\u00f3s salvar filho na Regi\u00e3o dos Lagos \u2014 Foto: Divulga\u00e7\u00e3o\/Redes Sociais\"\/><\/figure>\n\n\n\n<p class=\"wp-block-paragraph\">Sargento Assis da PMMG morre afogado ap\u00f3s salvar filho na Regi\u00e3o dos Lagos \u2014 Foto: Divulga\u00e7\u00e3o\/Redes Sociaishttps:\/\/tpc.googlesyndication.com\/safeframe\/1-0-37\/html\/container.html<\/p>\n\n\n\n<p class=\"wp-block-paragraph\">O Sargento trabalhava no T\u00e1tico M\u00f3vel do 5\u00ba batalh\u00e3o da PM em Belo Horizonte.&nbsp;Era liderado pelo amigo de inf\u00e2ncia, capit\u00e3o Herbert Feital.<\/p>\n\n\n\n<blockquote class=\"wp-block-quote is-layout-flow wp-block-quote-is-layout-flow\"><p>\u201cEle trabalhava havia sete anos no batalh\u00e3o e era muito querido por toda a tropa. Um dos melhores militares que tinha aqui. Estamos muito triste com toda a situa\u00e7\u00e3o e agora vamos lembrar e agradecer pelo tempo que passamos juntos. Conheci ele na inf\u00e2ncia, mor\u00e1vamos no mesmo bairro e foi um prazer trabalhar com ele. Vai fazer muita falta\u201d, concluiu Feital.<\/p><\/blockquote>\n\n\n\n<p class=\"wp-block-paragraph\">O&nbsp;vel\u00f3rio ser\u00e1 nesta ter\u00e7a-feira (22)&nbsp;no bairro Tirol, Regi\u00e3o Barreiro, em Belo Horizonte.<\/p>\n\n\n\n<figure class=\"wp-block-image\"><img decoding=\"async\" src=\"https:\/\/s2.glbimg.com\/IiBStFLJJViDi3UKXLPmPpm8ugc=\/0x0:501x560\/984x0\/smart\/filters:strip_icc()\/i.s3.glbimg.com\/v1\/AUTH_59edd422c0c84a879bd37670ae4f538a\/internal_photos\/bs\/2020\/o\/j\/Ax16N8Q3CScmXYWjKVWQ\/sgt-assis-pmmg.jpg\" alt=\"Sargento da Pol\u00edcia Militar morre ap\u00f3s salvar filho em praia de Arraial do Cabo \u2014 Foto: Divulga\u00e7\u00e3o\/Redes Sociais\"\/><\/figure>\n\n\n\n<p class=\"wp-block-paragraph\">Sargento da Pol\u00edcia Militar morre ap\u00f3s salvar filho em praia de Arraial do Cabo \u2014 Foto: Divulga\u00e7\u00e3o\/Redes Sociais<\/p>\n\n\n\n<h2 class=\"has-normal-font-size wp-block-heading\">Cabo Frio<\/h2>\n\n\n\n<p class=\"wp-block-paragraph\">Outro\u00a0turista de Belo Horizonte morreu afogado na Regi\u00e3o dos Lagos no domingo (20). A ocorr\u00eancia foi na Praia do Forte, em Cabo Frio.\u00a0O jovem, de 19 anos, chegou a ser resgatado com vida pelo Corpo de Bombeiros, encaminhado para o Hospital Central de Emerg\u00eancias (HCE), no bairro S\u00e3o Crist\u00f3v\u00e3o, mas n\u00e3o resistiu.<\/p>\n\n\n\n<p class=\"wp-block-paragraph\">Segundo a corpora\u00e7\u00e3o, o rapaz pode ter sofrido um mal s\u00fabito dentro da \u00e1gua. De acordo com a fam\u00edlia,&nbsp;ele sabia nadar.<\/p>\n\n\n\n<p class=\"wp-block-paragraph\">A perman\u00eancia de banhistas nas areias continua suspensa, por decreto, em Cabo Frio.<\/p>\n\n\n\n<p class=\"wp-block-paragraph\">De acordo com o Corpo de Bombeiros, somente na primeira quinzena de setembro, a corpora\u00e7\u00e3o\u00a0prestou mais de 120 a\u00e7\u00f5es de socorro e 3.600 preven\u00e7\u00f5es\u00a0nas praias da regi\u00e3o dos Lagos.<\/p>\n","protected":false},"excerpt":{"rendered":"<p>O sargento da Pol\u00edcia Militar Cassio Ferreira de Assis, de 41 anos, morreu afogado nesta segunda-feira (21)&nbsp;ap\u00f3s salvar o filho, de 9 anos, na Praia Grande, em Arraial do Cabo, Regi\u00e3o dos Lagos, no Rio de Janeiro. De acordo com os bombeiros, o menino foi atendido em um hospital da regi\u00e3o e liberado. Assis e a esposa estavam na praia. Ao ver que o filho estava se afogando, o pai&nbsp;pulou na \u00e1gua, ajudou a crian\u00e7a, mas acabou levado pelas ondas. O major Fl\u00e1vio Santiago, porta-voz da Pol\u00edcia Militar lamentou a morte do colega. \u201cEm um ato heroico, salvou o filho e perdeu a vida. Prestamos contin\u00eancia e solidariedade \u00e0 fam\u00edlia. Foi um grande her\u00f3i com ocorr\u00eancias relevantes em defesa de Minas Gerais\u201d, disse. Sargento Assis da PMMG morre afogado ap\u00f3s salvar filho na Regi\u00e3o dos Lagos \u2014 Foto: Divulga\u00e7\u00e3o\/Redes Sociaishttps:\/\/tpc.googlesyndication.com\/safeframe\/1-0-37\/html\/container.html O Sargento trabalhava no T\u00e1tico M\u00f3vel do 5\u00ba batalh\u00e3o da PM em Belo Horizonte.&nbsp;Era liderado pelo amigo de inf\u00e2ncia, capit\u00e3o Herbert Feital. \u201cEle trabalhava havia sete anos no batalh\u00e3o e era muito querido por toda a tropa. Um dos melhores militares que tinha aqui. Estamos muito triste com toda a situa\u00e7\u00e3o e agora vamos lembrar e agradecer pelo tempo que passamos juntos. Conheci ele na inf\u00e2ncia, mor\u00e1vamos no mesmo bairro e foi um prazer trabalhar com ele. Vai fazer muita falta\u201d, concluiu Feital. O&nbsp;vel\u00f3rio ser\u00e1 nesta ter\u00e7a-feira (22)&nbsp;no bairro Tirol, Regi\u00e3o Barreiro, em Belo Horizonte. Sargento da Pol\u00edcia Militar morre ap\u00f3s salvar filho em praia de Arraial do Cabo \u2014 Foto: Divulga\u00e7\u00e3o\/Redes Sociais Cabo Frio Outro\u00a0turista de Belo Horizonte morreu afogado na Regi\u00e3o dos Lagos no domingo (20). A ocorr\u00eancia foi na Praia do Forte, em Cabo Frio.\u00a0O jovem, de 19 anos, chegou a ser resgatado com vida pelo Corpo de Bombeiros, encaminhado para o Hospital Central de Emerg\u00eancias (HCE), no bairro S\u00e3o Crist\u00f3v\u00e3o, mas n\u00e3o resistiu. Segundo a corpora\u00e7\u00e3o, o rapaz pode ter sofrido um mal s\u00fabito dentro da \u00e1gua. De acordo com a fam\u00edlia,&nbsp;ele sabia nadar. A perman\u00eancia de banhistas nas areias continua suspensa, por decreto, em Cabo Frio. De acordo com o Corpo de Bombeiros, somente na primeira quinzena de setembro, a corpora\u00e7\u00e3o\u00a0prestou mais de 120 a\u00e7\u00f5es de socorro e 3.600 preven\u00e7\u00f5es\u00a0nas praias da regi\u00e3o dos Lagos.<\/p>\n","protected":false},"author":1,"featured_media":189411,"comment_status":"closed","ping_status":"closed","sticky":false,"template":"","format":"standard","meta":{"sfsi_plus_gutenberg_text_before_share":"","sfsi_plus_gutenberg_show_text_before_share":"","sfsi_plus_gutenberg_icon_type":"","sfsi_plus_gutenberg_icon_alignemt":"","sfsi_plus_gutenburg_max_per_row":"","footnotes":""},"categories":[50],"tags":[],"class_list":["post-189402","post","type-post","status-publish","format-standard","has-post-thumbnail","hentry","category-destaque"],"_links":{"self":[{"href":"https:\/\/www.caririemacao.com\/1\/wp-json\/wp\/v2\/posts\/189402","targetHints":{"allow":["GET"]}}],"collection":[{"href":"https:\/\/www.caririemacao.com\/1\/wp-json\/wp\/v2\/posts"}],"about":[{"href":"https:\/\/www.caririemacao.com\/1\/wp-json\/wp\/v2\/types\/post"}],"author":[{"embeddable":true,"href":"https:\/\/www.caririemacao.com\/1\/wp-json\/wp\/v2\/users\/1"}],"replies":[{"embeddable":true,"href":"https:\/\/www.caririemacao.com\/1\/wp-json\/wp\/v2\/comments?post=189402"}],"version-history":[{"count":1,"href":"https:\/\/www.caririemacao.com\/1\/wp-json\/wp\/v2\/posts\/189402\/revisions"}],"predecessor-version":[{"id":189412,"href":"https:\/\/www.caririemacao.com\/1\/wp-json\/wp\/v2\/posts\/189402\/revisions\/189412"}],"wp:featuredmedia":[{"embeddable":true,"href":"https:\/\/www.caririemacao.com\/1\/wp-json\/wp\/v2\/media\/189411"}],"wp:attachment":[{"href":"https:\/\/www.caririemacao.com\/1\/wp-json\/wp\/v2\/media?parent=189402"}],"wp:term":[{"taxonomy":"category","embeddable":true,"href":"https:\/\/www.caririemacao.com\/1\/wp-json\/wp\/v2\/categories?post=189402"},{"taxonomy":"post_tag","embeddable":true,"href":"https:\/\/www.caririemacao.com\/1\/wp-json\/wp\/v2\/tags?post=189402"}],"curies":[{"name":"wp","href":"https:\/\/api.w.org\/{rel}","templated":true}]}}