{"id":189514,"date":"2020-09-23T08:28:10","date_gmt":"2020-09-23T11:28:10","guid":{"rendered":"https:\/\/www.caririemacao.com\/1\/?p=189514"},"modified":"2020-09-23T08:28:10","modified_gmt":"2020-09-23T11:28:10","slug":"homem-e-morto-a-tiros-na-frente-da-filha-de-6-anos","status":"publish","type":"post","link":"https:\/\/www.caririemacao.com\/1\/2020\/09\/23\/homem-e-morto-a-tiros-na-frente-da-filha-de-6-anos\/","title":{"rendered":"Homem \u00e9 morto a tiros na frente da filha de 6 anos"},"content":{"rendered":"\n<h1 class=\"wp-block-heading\"><\/h1>\n\n\n\n<p>Um homem de 27 anos foi morto a tiros, na tarde desta ter\u00e7a-feira (22), em Jo\u00e3o Pessoa. Segundo informa\u00e7\u00f5es da Pol\u00edcia Militar, a filha da v\u00edtima, uma crian\u00e7a de 6 anos, presenciou o crime.<\/p>\n\n\n\n<p>Testemunhas contaram \u00e0 PM que o homem estava em uma sucata onde prestava servi\u00e7os, quando duas pessoas passaram em um carro e atiraram contra ele. Os disparos atingiram as regi\u00f5es do t\u00f3rax e costas, uma coxa e uma perna da v\u00edtima.<\/p>\n\n\n\n<p>O estabelecimento fica a 50 metros de dist\u00e2ncia da casa em que ele morava. Quando a pol\u00edcia chegou ao local, a garota j\u00e1 estava na resid\u00eancia da fam\u00edlia.<\/p>\n\n\n\n<p>De acordo com a PM, o homem j\u00e1 havia sido preso pelo crime de tr\u00e1fico de drogas. Os suspeitos ainda n\u00e3o foram identificados.<\/p>\n","protected":false},"excerpt":{"rendered":"<p>Um homem de 27 anos foi morto a tiros, na tarde desta ter\u00e7a-feira (22), em Jo\u00e3o Pessoa. Segundo informa\u00e7\u00f5es da Pol\u00edcia Militar, a filha da&hellip; <\/p>\n","protected":false},"author":2,"featured_media":189515,"comment_status":"closed","ping_status":"closed","sticky":false,"template":"","format":"standard","meta":{"sfsi_plus_gutenberg_text_before_share":"","sfsi_plus_gutenberg_show_text_before_share":"","sfsi_plus_gutenberg_icon_type":"","sfsi_plus_gutenberg_icon_alignemt":"","sfsi_plus_gutenburg_max_per_row":"","footnotes":""},"categories":[12],"tags":[],"class_list":["post-189514","post","type-post","status-publish","format-standard","has-post-thumbnail","hentry","category-policia"],"_links":{"self":[{"href":"https:\/\/www.caririemacao.com\/1\/wp-json\/wp\/v2\/posts\/189514","targetHints":{"allow":["GET"]}}],"collection":[{"href":"https:\/\/www.caririemacao.com\/1\/wp-json\/wp\/v2\/posts"}],"about":[{"href":"https:\/\/www.caririemacao.com\/1\/wp-json\/wp\/v2\/types\/post"}],"author":[{"embeddable":true,"href":"https:\/\/www.caririemacao.com\/1\/wp-json\/wp\/v2\/users\/2"}],"replies":[{"embeddable":true,"href":"https:\/\/www.caririemacao.com\/1\/wp-json\/wp\/v2\/comments?post=189514"}],"version-history":[{"count":1,"href":"https:\/\/www.caririemacao.com\/1\/wp-json\/wp\/v2\/posts\/189514\/revisions"}],"predecessor-version":[{"id":189516,"href":"https:\/\/www.caririemacao.com\/1\/wp-json\/wp\/v2\/posts\/189514\/revisions\/189516"}],"wp:featuredmedia":[{"embeddable":true,"href":"https:\/\/www.caririemacao.com\/1\/wp-json\/wp\/v2\/media\/189515"}],"wp:attachment":[{"href":"https:\/\/www.caririemacao.com\/1\/wp-json\/wp\/v2\/media?parent=189514"}],"wp:term":[{"taxonomy":"category","embeddable":true,"href":"https:\/\/www.caririemacao.com\/1\/wp-json\/wp\/v2\/categories?post=189514"},{"taxonomy":"post_tag","embeddable":true,"href":"https:\/\/www.caririemacao.com\/1\/wp-json\/wp\/v2\/tags?post=189514"}],"curies":[{"name":"wp","href":"https:\/\/api.w.org\/{rel}","templated":true}]}}