{"id":189518,"date":"2020-09-23T08:32:54","date_gmt":"2020-09-23T11:32:54","guid":{"rendered":"https:\/\/www.caririemacao.com\/1\/?p=189518"},"modified":"2020-09-23T08:32:54","modified_gmt":"2020-09-23T11:32:54","slug":"senado-aprova-nestor-forster-como-embaixador-nos-eua-apos-mais-de-um-ano-de-cargo-vago","status":"publish","type":"post","link":"https:\/\/www.caririemacao.com\/1\/2020\/09\/23\/senado-aprova-nestor-forster-como-embaixador-nos-eua-apos-mais-de-um-ano-de-cargo-vago\/","title":{"rendered":"Senado aprova Nestor Forster como embaixador nos EUA ap\u00f3s mais de um ano de cargo vago"},"content":{"rendered":"\n<h1 class=\"wp-block-heading\"><\/h1>\n\n\n\n<p>No plen\u00e1rio da Casa, Forster foi aprovado com 47 votos favor\u00e1veis. Tr\u00eas senadores votaram contra a indica\u00e7\u00e3o.<\/p>\n\n\n\n<p>A vota\u00e7\u00e3o para a escolha de autoridades \u00e9 secreta e teve a presen\u00e7a de 50 congressistas em Bras\u00edlia, em sess\u00e3o realizada de forma semipresencial. O Senado \u00e9 composto por 81 cadeiras.<\/p>\n\n\n\n<p>Os parlamentares que n\u00e3o estavam na capital federal n\u00e3o participaram por n\u00e3o terem acesso ao sistema.<\/p>\n\n\n\n<p>Quem esteve na Casa votou no plen\u00e1rio ou por meio de um sistema drive-thru. De dentro de carros, os senadores indicaram suas escolhas em totens no estacionamento do Congresso.<\/p>\n\n\n\n<p>As vota\u00e7\u00f5es secretas, como a de escolha de embaixadores e an\u00e1lise de PECs (propostas de emenda \u00e0 Constitui\u00e7\u00e3o), s\u00e3o criptografadas e feitas por meio de biometria.<\/p>\n\n\n\n<p>Em fevereiro, ainda antes de ter in\u00edcio a pandemia do novo coronav\u00edrus, a CRE (Comiss\u00e3o de Rela\u00e7\u00f5es Exteriores) da Casa aprovou em sabatina o nome de Forster para a vaga. Por causa da pandemia, a vota\u00e7\u00e3o em plen\u00e1rio ainda estava pendente.<\/p>\n\n\n\n<p>No comando interino da embaixada do Brasil nos EUA desde junho de 2019, o diplomata queria ser sabatinado no fim do ano passado para iniciar 2020 j\u00e1 oficializado no cargo.<br>Com a demora para o agendamento da sess\u00e3o, disse a pessoas pr\u00f3ximas que n\u00e3o havia como interferir no calend\u00e1rio de Bras\u00edlia e que teria de esperar pela convoca\u00e7\u00e3o dos parlamentares.<\/p>\n\n\n\n<p>A paci\u00eancia, dizem aliados, foi justamente a chave de Forster durante o caminho tortuoso que desembocou na sua indica\u00e7\u00e3o.<\/p>\n\n\n\n<p>Jair Bolsonaro decidiu indic\u00e1-lo embaixador na capital americana somente depois que o filho, o deputado Eduardo Bolsonaro, desistiu do posto diante do desgaste de sua imagem em meio \u00e0 crise do PSL e da rela\u00e7\u00e3o turbulenta entre governo e Congresso.<\/p>\n\n\n\n<p>O Planalto avaliava que o Senado n\u00e3o daria os votos necess\u00e1rios para a aprova\u00e7\u00e3o do nome do filho do presidente, o que seria uma derrota.<\/p>\n\n\n\n<p>Forster recebeu ent\u00e3o o aval do governo Donald Trump para ocupar o posto em 19 de novembro.<\/p>\n\n\n\n<p>O chamado agr\u00e9ment \u00e9 uma consulta que o Itamaraty faz de maneira sigilosa aos pa\u00edses que v\u00e3o receber o futuro embaixador e, somente depois dele, sua indica\u00e7\u00e3o \u00e9 encaminhada formalmente ao Senado.<\/p>\n\n\n\n<p>Ainda nesta ter\u00e7a, na sequ\u00eancia da vota\u00e7\u00e3o de Forster, os senadores aprovaram o nome do diplomata Hermano Telles Ribeiro para a Embaixada do L\u00edbano. Assim como a Embaixada dos Estados Unidos, o cargo estava vago desde junho do ano passado.<\/p>\n\n\n\n<p>Telles foi aprovado com 44 votos favor\u00e1veis e tr\u00eas contr\u00e1rios.<\/p>\n\n\n\n<p>Nesta ter\u00e7a-feira, os senadores votam ao todo a indica\u00e7\u00e3o de 37 autoridades em plen\u00e1rio. A previs\u00e3o \u00e9 que a sess\u00e3o se estenda durante a noite.<\/p>\n","protected":false},"excerpt":{"rendered":"<p>No plen\u00e1rio da Casa, Forster foi aprovado com 47 votos favor\u00e1veis. Tr\u00eas senadores votaram contra a indica\u00e7\u00e3o. A vota\u00e7\u00e3o para a escolha de autoridades \u00e9&hellip; <\/p>\n","protected":false},"author":2,"featured_media":189519,"comment_status":"closed","ping_status":"closed","sticky":false,"template":"","format":"standard","meta":{"sfsi_plus_gutenberg_text_before_share":"","sfsi_plus_gutenberg_show_text_before_share":"","sfsi_plus_gutenberg_icon_type":"","sfsi_plus_gutenberg_icon_alignemt":"","sfsi_plus_gutenburg_max_per_row":"","footnotes":""},"categories":[11],"tags":[],"class_list":["post-189518","post","type-post","status-publish","format-standard","has-post-thumbnail","hentry","category-politica"],"_links":{"self":[{"href":"https:\/\/www.caririemacao.com\/1\/wp-json\/wp\/v2\/posts\/189518","targetHints":{"allow":["GET"]}}],"collection":[{"href":"https:\/\/www.caririemacao.com\/1\/wp-json\/wp\/v2\/posts"}],"about":[{"href":"https:\/\/www.caririemacao.com\/1\/wp-json\/wp\/v2\/types\/post"}],"author":[{"embeddable":true,"href":"https:\/\/www.caririemacao.com\/1\/wp-json\/wp\/v2\/users\/2"}],"replies":[{"embeddable":true,"href":"https:\/\/www.caririemacao.com\/1\/wp-json\/wp\/v2\/comments?post=189518"}],"version-history":[{"count":1,"href":"https:\/\/www.caririemacao.com\/1\/wp-json\/wp\/v2\/posts\/189518\/revisions"}],"predecessor-version":[{"id":189520,"href":"https:\/\/www.caririemacao.com\/1\/wp-json\/wp\/v2\/posts\/189518\/revisions\/189520"}],"wp:featuredmedia":[{"embeddable":true,"href":"https:\/\/www.caririemacao.com\/1\/wp-json\/wp\/v2\/media\/189519"}],"wp:attachment":[{"href":"https:\/\/www.caririemacao.com\/1\/wp-json\/wp\/v2\/media?parent=189518"}],"wp:term":[{"taxonomy":"category","embeddable":true,"href":"https:\/\/www.caririemacao.com\/1\/wp-json\/wp\/v2\/categories?post=189518"},{"taxonomy":"post_tag","embeddable":true,"href":"https:\/\/www.caririemacao.com\/1\/wp-json\/wp\/v2\/tags?post=189518"}],"curies":[{"name":"wp","href":"https:\/\/api.w.org\/{rel}","templated":true}]}}