{"id":189522,"date":"2020-09-23T08:35:14","date_gmt":"2020-09-23T11:35:14","guid":{"rendered":"https:\/\/www.caririemacao.com\/1\/?p=189522"},"modified":"2020-09-23T08:35:14","modified_gmt":"2020-09-23T11:35:14","slug":"profissionais-de-saude-e-seguranca-devem-ser-os-primeiros-a-tomar-a-vacina-contra-covid-19-na-paraiba-decide-comissao-da-assembleia","status":"publish","type":"post","link":"https:\/\/www.caririemacao.com\/1\/2020\/09\/23\/profissionais-de-saude-e-seguranca-devem-ser-os-primeiros-a-tomar-a-vacina-contra-covid-19-na-paraiba-decide-comissao-da-assembleia\/","title":{"rendered":"Profissionais de sa\u00fade e seguran\u00e7a devem ser os primeiros a tomar a vacina contra covid-19 na Para\u00edba, decide comiss\u00e3o da Assembleia"},"content":{"rendered":"\n<h1 class=\"wp-block-heading\"><\/h1>\n\n\n\n<p>Profissionais de sa\u00fade e seguran\u00e7a devem ser os primeiros a tomar a vacina contra covid-19 na Para\u00edba quando ela estiver dispon\u00edvel. A Comiss\u00e3o de Constitui\u00e7\u00e3o, Justi\u00e7a e Reda\u00e7\u00e3o (CCJ) da Assembleia Legislativa da Para\u00edba aprovou por unanimidade, durante reuni\u00e3o da Comiss\u00e3o realizada nesta ter\u00e7a-feira (22), o Projeto de Lei 2.111\/2020, que estabelece uma ordem priorit\u00e1ria para a imuniza\u00e7\u00e3o contra a doen\u00e7a, quando a vacina for criada e liberada \u00e0 popula\u00e7\u00e3o.<\/p>\n\n\n\n<p>Segundo o texto de autoria do deputado Jo\u00e3o Gon\u00e7alves, a vacina\u00e7\u00e3o contra a covid-19 dever\u00e1 obedecer a seguinte ordem de prioridades: os profissionais essenciais ao controle de doen\u00e7as e \u00e0 manuten\u00e7\u00e3o da ordem p\u00fablica (Sa\u00fade e seguran\u00e7a) dever\u00e3o ser vacinados primeiro, seguidos pelas pessoas com idade acima de 60 anos. Na sequ\u00eancia, ser\u00e1 a vez das pessoas com cardiopatias, diabetes, pneumopatia, doen\u00e7a neurol\u00f3gica ou renal, imunodepress\u00e3o, obesidade, asma, ou outra doen\u00e7a que, conforme o Minist\u00e9rio da Sa\u00fade, o enquadre em um grupo de risco para COVID-19. Logo ap\u00f3s, ter\u00e3o prioridades os professores e e profissionais de apoio de escolas p\u00fablicas e privadas, jornalistas e a popula\u00e7\u00e3o em geral.&nbsp;<\/p>\n\n\n\n<p>\u201cDiante do atual cen\u00e1rio de pandemia decretado pela Organiza\u00e7\u00e3o Mundial de Sa\u00fade (OMS) desde 11 de mar\u00e7o de 2020 em virtude da covid-19, observa-se a necessidade de um planejamento estrat\u00e9gico por parte dos Estados para a distribui\u00e7\u00e3o da vacina\u00e7\u00e3o contra a doen\u00e7a\u201d, justificou Jo\u00e3o Gon\u00e7alves.<\/p>\n\n\n\n<p>Participaram da reuni\u00e3o da CCJ os parlamentares Cabo Gilberto, Camila Toscano, Edmilson Soares, Pollyanna Dutra, Ricardo Barbosa e Wilson Filho.<\/p>\n","protected":false},"excerpt":{"rendered":"<p>Profissionais de sa\u00fade e seguran\u00e7a devem ser os primeiros a tomar a vacina contra covid-19 na Para\u00edba quando ela estiver dispon\u00edvel. A Comiss\u00e3o de Constitui\u00e7\u00e3o,&hellip; <\/p>\n","protected":false},"author":2,"featured_media":189523,"comment_status":"closed","ping_status":"closed","sticky":false,"template":"","format":"standard","meta":{"sfsi_plus_gutenberg_text_before_share":"","sfsi_plus_gutenberg_show_text_before_share":"","sfsi_plus_gutenberg_icon_type":"","sfsi_plus_gutenberg_icon_alignemt":"","sfsi_plus_gutenburg_max_per_row":"","footnotes":""},"categories":[16],"tags":[],"class_list":["post-189522","post","type-post","status-publish","format-standard","has-post-thumbnail","hentry","category-saude"],"_links":{"self":[{"href":"https:\/\/www.caririemacao.com\/1\/wp-json\/wp\/v2\/posts\/189522","targetHints":{"allow":["GET"]}}],"collection":[{"href":"https:\/\/www.caririemacao.com\/1\/wp-json\/wp\/v2\/posts"}],"about":[{"href":"https:\/\/www.caririemacao.com\/1\/wp-json\/wp\/v2\/types\/post"}],"author":[{"embeddable":true,"href":"https:\/\/www.caririemacao.com\/1\/wp-json\/wp\/v2\/users\/2"}],"replies":[{"embeddable":true,"href":"https:\/\/www.caririemacao.com\/1\/wp-json\/wp\/v2\/comments?post=189522"}],"version-history":[{"count":1,"href":"https:\/\/www.caririemacao.com\/1\/wp-json\/wp\/v2\/posts\/189522\/revisions"}],"predecessor-version":[{"id":189524,"href":"https:\/\/www.caririemacao.com\/1\/wp-json\/wp\/v2\/posts\/189522\/revisions\/189524"}],"wp:featuredmedia":[{"embeddable":true,"href":"https:\/\/www.caririemacao.com\/1\/wp-json\/wp\/v2\/media\/189523"}],"wp:attachment":[{"href":"https:\/\/www.caririemacao.com\/1\/wp-json\/wp\/v2\/media?parent=189522"}],"wp:term":[{"taxonomy":"category","embeddable":true,"href":"https:\/\/www.caririemacao.com\/1\/wp-json\/wp\/v2\/categories?post=189522"},{"taxonomy":"post_tag","embeddable":true,"href":"https:\/\/www.caririemacao.com\/1\/wp-json\/wp\/v2\/tags?post=189522"}],"curies":[{"name":"wp","href":"https:\/\/api.w.org\/{rel}","templated":true}]}}