{"id":189526,"date":"2020-09-23T08:37:41","date_gmt":"2020-09-23T11:37:41","guid":{"rendered":"https:\/\/www.caririemacao.com\/1\/?p=189526"},"modified":"2020-09-23T08:37:41","modified_gmt":"2020-09-23T11:37:41","slug":"se-a-midia-esta-criticando-e-porque-discurso-foi-bom-diz-bolsonaro-sobre-fala-na-onu","status":"publish","type":"post","link":"https:\/\/www.caririemacao.com\/1\/2020\/09\/23\/se-a-midia-esta-criticando-e-porque-discurso-foi-bom-diz-bolsonaro-sobre-fala-na-onu\/","title":{"rendered":"&#8216;Se a m\u00eddia est\u00e1 criticando, \u00e9 porque discurso foi bom&#8217;, diz Bolsonaro sobre fala na ONU"},"content":{"rendered":"\n<h1 class=\"wp-block-heading\"><\/h1>\n\n\n\n<p>&#8220;Se a m\u00eddia est\u00e1 criticando, \u00e9 porque o discurso foi bom&#8221;, disse a um apoiador que tentou estabelecer uma rela\u00e7\u00e3o de corrobora\u00e7\u00e3o entre a fala de Bolsonaro e a do presidente dos Estados Unidos, Donald Trump.<\/p>\n\n\n\n<p>A declara\u00e7\u00e3o ao chegar ao Pal\u00e1cio da Alvorada, gravada em v\u00eddeo, foi a a segunda men\u00e7\u00e3o que o presidente fez \u00e0 pr\u00f3pria fala na ONU. Assim que encontrou os apoiadores, Bolsonaro perguntou sobre o discurso, mas a claque preferiu continuar dizendo de que estados era oriunda.<\/p>\n\n\n\n<p>O presidente utilizou a oportunidade de falar a chefes de diversas na\u00e7\u00f5es para reprisar a tese de que \u00e9 v\u00edtima de uma campanha de desinforma\u00e7\u00e3o e defender as pol\u00edticas de seu governo diante da pandemia de coronav\u00edrus e das queimadas que devastam a Amaz\u00f4nia e o Pantanal.<\/p>\n\n\n\n<p>A ag\u00eancia de checagem Lupa classificou quatro declara\u00e7\u00f5es como falsas, cinco como exageradas, duas como insustent\u00e1veis (n\u00e3o h\u00e1 dados p\u00fablicos que comprovem a informa\u00e7\u00e3o) e duas como verdadeiras.<\/p>\n\n\n\n<p>Bolsonaro afirmou que, desde o in\u00edcio da crise, destacou que tanto o v\u00edrus quanto o desemprego &#8220;precisavam ser tratados igualmente&#8221; e acusou parcela da imprensa brasileira de disseminar o p\u00e2nico em rela\u00e7\u00e3o \u00e0 pandemia da Covid-19.<\/p>\n\n\n\n<p>O presidente elencou medidas de seu governo, como o aux\u00edlio emergencial, e jogou a responsabilidade das regras de isolamento aos governadores -a pandemia j\u00e1 matou mais de 136 mil pessoas no pa\u00eds \u2014 como estrat\u00e9gia para se eximir das consequ\u00eancias da crise.<\/p>\n\n\n\n<p>O presidente afirmou ainda que as riquezas da Amaz\u00f4nia despertam interesses estrangeiros e escusos e \u00e9 por isso que, em sua vis\u00e3o, o governo \u00e9 v\u00edtima do que chamou de &#8220;brutal campanha de desinforma\u00e7\u00e3o&#8221; \u2014 ele seguiu minimizando os inc\u00eandios e negando que conduza uma gest\u00e3o ambiental negligente.<\/p>\n\n\n\n<p>Segundo Bolsonaro, as queimadas se d\u00e3o por condi\u00e7\u00f5es naturais inevit\u00e1veis ou pela atua\u00e7\u00e3o de \u00edndios e caboclos. O presidente disse ainda que os focos de inc\u00eandio criminosos &#8220;s\u00e3o combatidos com rigor e determina\u00e7\u00e3o&#8221; e que tem &#8220;toler\u00e2ncia zero com o crime ambiental&#8221;.<\/p>\n\n\n\n<p>Ele n\u00e3o fez qualquer men\u00e7\u00e3o ao aumento no n\u00famero de queimadas na Amaz\u00f4nia e no Pantanal.<\/p>\n\n\n\n<p>De acordo com dados do Inpe (Instituto Nacional de Pesquisas Espaciais), at\u00e9 21 de setembro, a Amaz\u00f4nia registrava 27.660 focos de queimada, n\u00famero maior que em todo o m\u00eas de setembro do ano passado (19.925 focos). No Pantanal, o \u00f3rg\u00e3o aponta 5.966 focos ativos detectados pelo sat\u00e9lite de refer\u00eancia at\u00e9 21 de setembro ante 2.887 em todo o m\u00eas de setembro de 2019.<\/p>\n\n\n\n<p>A Fran\u00e7a, assim como outros pa\u00edses da Uni\u00e3o Europeia, quer impor condi\u00e7\u00f5es ambientais para que as negocia\u00e7\u00f5es do acordo comercial entre a Uni\u00e3o Europeia e o Mercosul tenham seguimento.<\/p>\n","protected":false},"excerpt":{"rendered":"<p>&#8220;Se a m\u00eddia est\u00e1 criticando, \u00e9 porque o discurso foi bom&#8221;, disse a um apoiador que tentou estabelecer uma rela\u00e7\u00e3o de corrobora\u00e7\u00e3o entre a fala&hellip; <\/p>\n","protected":false},"author":2,"featured_media":189527,"comment_status":"closed","ping_status":"closed","sticky":false,"template":"","format":"standard","meta":{"sfsi_plus_gutenberg_text_before_share":"","sfsi_plus_gutenberg_show_text_before_share":"","sfsi_plus_gutenberg_icon_type":"","sfsi_plus_gutenberg_icon_alignemt":"","sfsi_plus_gutenburg_max_per_row":"","footnotes":""},"categories":[11],"tags":[],"class_list":["post-189526","post","type-post","status-publish","format-standard","has-post-thumbnail","hentry","category-politica"],"_links":{"self":[{"href":"https:\/\/www.caririemacao.com\/1\/wp-json\/wp\/v2\/posts\/189526","targetHints":{"allow":["GET"]}}],"collection":[{"href":"https:\/\/www.caririemacao.com\/1\/wp-json\/wp\/v2\/posts"}],"about":[{"href":"https:\/\/www.caririemacao.com\/1\/wp-json\/wp\/v2\/types\/post"}],"author":[{"embeddable":true,"href":"https:\/\/www.caririemacao.com\/1\/wp-json\/wp\/v2\/users\/2"}],"replies":[{"embeddable":true,"href":"https:\/\/www.caririemacao.com\/1\/wp-json\/wp\/v2\/comments?post=189526"}],"version-history":[{"count":1,"href":"https:\/\/www.caririemacao.com\/1\/wp-json\/wp\/v2\/posts\/189526\/revisions"}],"predecessor-version":[{"id":189528,"href":"https:\/\/www.caririemacao.com\/1\/wp-json\/wp\/v2\/posts\/189526\/revisions\/189528"}],"wp:featuredmedia":[{"embeddable":true,"href":"https:\/\/www.caririemacao.com\/1\/wp-json\/wp\/v2\/media\/189527"}],"wp:attachment":[{"href":"https:\/\/www.caririemacao.com\/1\/wp-json\/wp\/v2\/media?parent=189526"}],"wp:term":[{"taxonomy":"category","embeddable":true,"href":"https:\/\/www.caririemacao.com\/1\/wp-json\/wp\/v2\/categories?post=189526"},{"taxonomy":"post_tag","embeddable":true,"href":"https:\/\/www.caririemacao.com\/1\/wp-json\/wp\/v2\/tags?post=189526"}],"curies":[{"name":"wp","href":"https:\/\/api.w.org\/{rel}","templated":true}]}}