{"id":189530,"date":"2020-09-23T08:43:26","date_gmt":"2020-09-23T11:43:26","guid":{"rendered":"https:\/\/www.caririemacao.com\/1\/?p=189530"},"modified":"2020-09-23T08:43:26","modified_gmt":"2020-09-23T11:43:26","slug":"pesquisa-da-ufcg-revela-que-paraiba-devera-registrar-total-de-120-mil-casos-e-2-763-mortes-por-covid-19-ate-o-sabado","status":"publish","type":"post","link":"https:\/\/www.caririemacao.com\/1\/2020\/09\/23\/pesquisa-da-ufcg-revela-que-paraiba-devera-registrar-total-de-120-mil-casos-e-2-763-mortes-por-covid-19-ate-o-sabado\/","title":{"rendered":"Pesquisa da UFCG revela que Para\u00edba dever\u00e1 registrar total de 120 mil casos e 2.763 mortes por Covid-19 at\u00e9 o s\u00e1bado"},"content":{"rendered":"\n<h1 class=\"wp-block-heading\"><\/h1>\n\n\n\n<p>Uma pesquisa da Universidade Federal de Campina Grande revela que o estado da Para\u00edba e tamb\u00e9m o munic\u00edpio de Campina Grande, de modo espec\u00edfico, registraram aumento, na \u00faltima semana, no n\u00famero de casos de infectados pelo novo coronav\u00edrus. O trabalho tamb\u00e9m mostra que, at\u00e9 o s\u00e1bado (26), a Para\u00edba dever\u00e1 ter registrado 120.742 casos da doen\u00e7a e contabilizado 2.763 \u00f3bitos. J\u00e1 Campina Grande dever\u00e1 ter confirmados 12.950 casos e 377 mortes at\u00e9 o final da semana.<\/p>\n\n\n\n<p>O relat\u00f3rio foi divulgado nessa segunda-feira (21), pelo professor Josenildo Brito de Oliveira, da Unidade Acad\u00eamica de Engenharia de Produ\u00e7\u00e3o da UFCG. O estudo analisa os n\u00fameros da Covid-19 e estima os valores de novos casos e \u00f3bitos para a semana seguinte.<\/p>\n\n\n\n<p>O projeto estuda dados obtidos atrav\u00e9s do site da Universidade Johns Hopkins (EUA) e do Minist\u00e9rio da Sa\u00fade e governos da Para\u00edba e de S\u00e3o Paulo. A pesquisa tamb\u00e9m conta com a colabora\u00e7\u00e3o do estudante Pedro Barbosa (UAEP\/CCT).<\/p>\n","protected":false},"excerpt":{"rendered":"<p>Uma pesquisa da Universidade Federal de Campina Grande revela que o estado da Para\u00edba e tamb\u00e9m o munic\u00edpio de Campina Grande, de modo espec\u00edfico, registraram&hellip; <\/p>\n","protected":false},"author":2,"featured_media":189531,"comment_status":"closed","ping_status":"closed","sticky":false,"template":"","format":"standard","meta":{"sfsi_plus_gutenberg_text_before_share":"","sfsi_plus_gutenberg_show_text_before_share":"","sfsi_plus_gutenberg_icon_type":"","sfsi_plus_gutenberg_icon_alignemt":"","sfsi_plus_gutenburg_max_per_row":"","footnotes":""},"categories":[2],"tags":[],"class_list":["post-189530","post","type-post","status-publish","format-standard","has-post-thumbnail","hentry","category-geral"],"_links":{"self":[{"href":"https:\/\/www.caririemacao.com\/1\/wp-json\/wp\/v2\/posts\/189530","targetHints":{"allow":["GET"]}}],"collection":[{"href":"https:\/\/www.caririemacao.com\/1\/wp-json\/wp\/v2\/posts"}],"about":[{"href":"https:\/\/www.caririemacao.com\/1\/wp-json\/wp\/v2\/types\/post"}],"author":[{"embeddable":true,"href":"https:\/\/www.caririemacao.com\/1\/wp-json\/wp\/v2\/users\/2"}],"replies":[{"embeddable":true,"href":"https:\/\/www.caririemacao.com\/1\/wp-json\/wp\/v2\/comments?post=189530"}],"version-history":[{"count":1,"href":"https:\/\/www.caririemacao.com\/1\/wp-json\/wp\/v2\/posts\/189530\/revisions"}],"predecessor-version":[{"id":189532,"href":"https:\/\/www.caririemacao.com\/1\/wp-json\/wp\/v2\/posts\/189530\/revisions\/189532"}],"wp:featuredmedia":[{"embeddable":true,"href":"https:\/\/www.caririemacao.com\/1\/wp-json\/wp\/v2\/media\/189531"}],"wp:attachment":[{"href":"https:\/\/www.caririemacao.com\/1\/wp-json\/wp\/v2\/media?parent=189530"}],"wp:term":[{"taxonomy":"category","embeddable":true,"href":"https:\/\/www.caririemacao.com\/1\/wp-json\/wp\/v2\/categories?post=189530"},{"taxonomy":"post_tag","embeddable":true,"href":"https:\/\/www.caririemacao.com\/1\/wp-json\/wp\/v2\/tags?post=189530"}],"curies":[{"name":"wp","href":"https:\/\/api.w.org\/{rel}","templated":true}]}}