{"id":189538,"date":"2020-09-23T08:47:37","date_gmt":"2020-09-23T11:47:37","guid":{"rendered":"https:\/\/www.caririemacao.com\/1\/?p=189538"},"modified":"2020-09-23T08:47:37","modified_gmt":"2020-09-23T11:47:37","slug":"programa-para-zerar-fila-de-cirurgias-na-paraiba-e-retomado-pacientes-sao-chamados-para-avaliacao-e-mais-operacoes-serao-agendadas","status":"publish","type":"post","link":"https:\/\/www.caririemacao.com\/1\/2020\/09\/23\/programa-para-zerar-fila-de-cirurgias-na-paraiba-e-retomado-pacientes-sao-chamados-para-avaliacao-e-mais-operacoes-serao-agendadas\/","title":{"rendered":"Programa para zerar fila de cirurgias na Para\u00edba \u00e9 retomado, pacientes s\u00e3o chamados para avalia\u00e7\u00e3o e mais opera\u00e7\u00f5es ser\u00e3o agendadas"},"content":{"rendered":"\n<h1 class=\"wp-block-heading\"><\/h1>\n\n\n\n<p>O Programa Opera Para\u00edba, criado pelo Governo do Estado para zerar a fila de cirurgias eletivas, est\u00e1 sendo retomado, segundo informou o secret\u00e1rio Daniel Beltrammi ao ClickPB, nesta ter\u00e7a-feira (22). Ele explicou que os pacientes foram chamados para avalia\u00e7\u00e3o.<\/p>\n\n\n\n<p>&#8220;O programa est\u00e1 sendo retomado. Pacientes sendo chamados para avalia\u00e7\u00e3o para que possamos retomar os procedimentos com a m\u00e1xima seguran\u00e7a poss\u00edvel ante o contexto da pandemia&#8221;, disse Daniel Beltrammi.<\/p>\n\n\n\n<p>O secret\u00e1rio contou ainda que &#8220;haver\u00e1 divulga\u00e7\u00e3o em breve do novo cronograma do Opera Para\u00edba&#8221;, pois &#8220;novas demandas foram registradas e a produ\u00e7\u00e3o ser\u00e1 ampliada&#8221; para atender mais pessoas que precisam de cirurgias.<\/p>\n\n\n\n<p>O governador Jo\u00e3o Azev\u00eado lan\u00e7ou, no dia 11 de outubro do ano passado, o Programa Opera Para\u00edba, que tem como meta a redu\u00e7\u00e3o das filas de espera por cirurgias eletivas no Sistema \u00danico de Sa\u00fade (SUS). Com investimentos da ordem de R$ 6 milh\u00f5es apenas no primeiro ano, o Opera Para\u00edba tem como meta inicial contemplar mais de 12 mil paraibanos em 36 tipos de cirurgias.<\/p>\n\n\n\n<p>Ao todo, 12 hospitais da Rede Estadual foram inclu\u00eddos na for\u00e7a-tarefa para a realiza\u00e7\u00e3o dos procedimentos cir\u00fargicos, que contemplam as especialidades de ortopedia, oftalmologia, otorrinolaringologia, ginecologia, proctologia e cirurgia geral. A contrapartida dos munic\u00edpios consiste na realiza\u00e7\u00e3o dos exames pr\u00e9-operat\u00f3rios e no transporte at\u00e9 a unidade hospitalar respons\u00e1vel pelo procedimento cir\u00fargico.<\/p>\n\n\n\n<p>Os hospitais que integram a for\u00e7a-tarefa s\u00e3o os seguintes: Hospital Regional de Guarabira; Hospital Regional de Picu\u00ed; Hospital Regional de Monteiro; Hospital Sinh\u00e1 Carneiro, em Santa Luzia; Hospital Distrital de Itaporanga; Hospital Regional de Catol\u00e9 do Rocha; Hospital Regional de Cajazeiras; Hospital Regional de Sousa; Hospital Regional de Itabaiana; Hospital Rui Carneiro, em Pombal; Hospital Geral de Queimadas; Hospital Geral de Tapero\u00e1.<\/p>\n","protected":false},"excerpt":{"rendered":"<p>O Programa Opera Para\u00edba, criado pelo Governo do Estado para zerar a fila de cirurgias eletivas, est\u00e1 sendo retomado, segundo informou o secret\u00e1rio Daniel Beltrammi&hellip; <\/p>\n","protected":false},"author":2,"featured_media":189539,"comment_status":"closed","ping_status":"closed","sticky":false,"template":"","format":"standard","meta":{"sfsi_plus_gutenberg_text_before_share":"","sfsi_plus_gutenberg_show_text_before_share":"","sfsi_plus_gutenberg_icon_type":"","sfsi_plus_gutenberg_icon_alignemt":"","sfsi_plus_gutenburg_max_per_row":"","footnotes":""},"categories":[16],"tags":[],"class_list":["post-189538","post","type-post","status-publish","format-standard","has-post-thumbnail","hentry","category-saude"],"_links":{"self":[{"href":"https:\/\/www.caririemacao.com\/1\/wp-json\/wp\/v2\/posts\/189538","targetHints":{"allow":["GET"]}}],"collection":[{"href":"https:\/\/www.caririemacao.com\/1\/wp-json\/wp\/v2\/posts"}],"about":[{"href":"https:\/\/www.caririemacao.com\/1\/wp-json\/wp\/v2\/types\/post"}],"author":[{"embeddable":true,"href":"https:\/\/www.caririemacao.com\/1\/wp-json\/wp\/v2\/users\/2"}],"replies":[{"embeddable":true,"href":"https:\/\/www.caririemacao.com\/1\/wp-json\/wp\/v2\/comments?post=189538"}],"version-history":[{"count":1,"href":"https:\/\/www.caririemacao.com\/1\/wp-json\/wp\/v2\/posts\/189538\/revisions"}],"predecessor-version":[{"id":189540,"href":"https:\/\/www.caririemacao.com\/1\/wp-json\/wp\/v2\/posts\/189538\/revisions\/189540"}],"wp:featuredmedia":[{"embeddable":true,"href":"https:\/\/www.caririemacao.com\/1\/wp-json\/wp\/v2\/media\/189539"}],"wp:attachment":[{"href":"https:\/\/www.caririemacao.com\/1\/wp-json\/wp\/v2\/media?parent=189538"}],"wp:term":[{"taxonomy":"category","embeddable":true,"href":"https:\/\/www.caririemacao.com\/1\/wp-json\/wp\/v2\/categories?post=189538"},{"taxonomy":"post_tag","embeddable":true,"href":"https:\/\/www.caririemacao.com\/1\/wp-json\/wp\/v2\/tags?post=189538"}],"curies":[{"name":"wp","href":"https:\/\/api.w.org\/{rel}","templated":true}]}}