{"id":189545,"date":"2020-09-23T08:56:55","date_gmt":"2020-09-23T11:56:55","guid":{"rendered":"https:\/\/www.caririemacao.com\/1\/?p=189545"},"modified":"2020-09-23T08:56:55","modified_gmt":"2020-09-23T11:56:55","slug":"governo-diz-que-fracasso-do-acordo-ue-mercosul-vai-aumentar-devastacao-da-amazonia","status":"publish","type":"post","link":"https:\/\/www.caririemacao.com\/1\/2020\/09\/23\/governo-diz-que-fracasso-do-acordo-ue-mercosul-vai-aumentar-devastacao-da-amazonia\/","title":{"rendered":"Governo diz que fracasso do acordo UE-Mercosul vai aumentar devasta\u00e7\u00e3o da Amaz\u00f4nia"},"content":{"rendered":"\n<h3 class=\"wp-block-heading\"><\/h3>\n\n\n\n<h1 class=\"wp-block-heading\"><\/h1>\n\n\n\n<p>&#8220;O desmatamento amea\u00e7a a biodiversidade e perturba o clima. O relat\u00f3rio apresentado por Stefan Ambec refor\u00e7a a posi\u00e7\u00e3o da Fran\u00e7a de se opor ao proposto acordo UE-Mercosul, tal como est\u00e1. A consist\u00eancia dos compromissos ambientais do nosso pa\u00eds e da Europa depende disso&#8221;, escreveu em uma rede social na sexta-feira (18) o primeiro-ministro franc\u00eas, Jean Castex, fazendo men\u00e7\u00e3o a um pesquisador da escola de economia de Toulouse e respons\u00e1vel pelo departamento de energia e clima.<\/p>\n\n\n\n<p>A Fran\u00e7a, assim como outros pa\u00edses do bloco europeu, quer impor condi\u00e7\u00f5es ambientais para que as negocia\u00e7\u00f5es tenham seguimento.<\/p>\n\n\n\n<p>&#8220;A n\u00e3o entrada em vigor do acordo Mercosul-UE passaria mensagem negativa e estabeleceria claro desincentivo aos esfor\u00e7os do pa\u00eds para fortalecer ainda mais sua legisla\u00e7\u00e3o ambiental. A n\u00e3o aprova\u00e7\u00e3o do acordo teria, ademais, implica\u00e7\u00f5es sociais e econ\u00f4micas negativas, que poderiam agravar ainda mais os problemas ambientais da regi\u00e3o&#8221;, diz o governo brasileiro na nota divulgada nesta tarde.<\/p>\n\n\n\n<p>O comunicado foi distribu\u00eddo aos jornalistas horas depois do discurso de abertura na Assembleia Geral da Organiza\u00e7\u00e3o das Na\u00e7\u00f5es Unidas em que o presidente Jair Bolsonaro (sem partido) dizer, novamente, que as riquezas da Amaz\u00f4nia despertam interesses estrangeiros e escusos e \u00e9 por isso que, em sua vis\u00e3o, o governo \u00e9 v\u00edtima do que chamou de &#8220;brutal campanha de desinforma\u00e7\u00e3o&#8221;.<\/p>\n\n\n\n<p>Os minist\u00e9rios das Rela\u00e7\u00f5es Exteriores e da Agricultura disseram que o fracasso em ratificar o acordo entre UE e Mercosul &#8220;implicar\u00e1 lacuna importante no fortalecimento da rela\u00e7\u00e3o entre as partes e na reitera\u00e7\u00e3o de um livre com\u00e9rcio sustent\u00e1vel e respons\u00e1vel, que proporcionar\u00e1 prosperidade com preserva\u00e7\u00e3o da natureza, resultante da melhoria das condi\u00e7\u00f5es econ\u00f4micas&#8221;.<\/p>\n\n\n\n<p>&#8220;O governo brasileiro refuta qualquer afirma\u00e7\u00e3o de que o acordo aumentaria a destrui\u00e7\u00e3o da floresta amaz\u00f4nica. Reafirma que o acordo traz compromissos adicionais aos direitos ambiental e comercial multilateral para regular os fluxos comerciais atuais e futuros a bem da garantia da sustentabilidade ambiental&#8221;, diz o comunicado.<\/p>\n\n\n\n<p>Na nota, as pastas dizem &#8220;causa estranheza [&#8230;] que o relat\u00f3rio esteja focado em produtos de alta sensibilidade agr\u00edcola europeia e valha-se de argumentos n\u00e3o comerciais (como o suposto risco de desflorestamento) para garantir prote\u00e7\u00e3o econ\u00f4mica a certos produtores&#8221;.<\/p>\n\n\n\n<p>Afirmam ainda que &#8220;o relat\u00f3rio da comiss\u00e3o de avalia\u00e7\u00e3o do citado acordo do governo franc\u00eas revela as reais preocupa\u00e7\u00f5es protecionistas daqueles que o encomendaram ao tratar das concess\u00f5es agr\u00edcolas feitas pela UE ao Mercosul&#8221; e que o tratado comercial &#8220;n\u00e3o representa qualquer amea\u00e7a ao meio ambiente, \u00e0 sa\u00fade humana e aos direitos sociais&#8221;.<\/p>\n\n\n\n<p>&#8220;Ao contr\u00e1rio, refor\u00e7a compromissos multilaterais e agrega as melhores pr\u00e1ticas na mat\u00e9ria&#8221;, diz o texto.<\/p>\n\n\n\n<p>Na nota, o governo brasileiro argumenta que que o pa\u00eds \u00e9 capaz de aumentar sua produ\u00e7\u00e3o de carne, soja e milho com simult\u00e2nea diminui\u00e7\u00e3o do desmatamento. Os minist\u00e9rios dizem que, de 2004 a 2012, o desmatamento da regi\u00e3o chamada de Amaz\u00f4nia Legal caiu 83%, enquanto que a produ\u00e7\u00e3o agr\u00edcola subiu 61%.<\/p>\n\n\n\n<p>O minist\u00e9rios dizem ainda que, no mesmo per\u00edodo, o rebanho bovino cresceu em mais de 8 milh\u00f5es de cabe\u00e7as, chegando a 212 milh\u00f5es em 2012.<\/p>\n\n\n\n<p>N\u00e3o h\u00e1 qualquer men\u00e7\u00e3o ao aumento no n\u00famero de queimadas. De acordo com dados do Inpe (Instituto Nacional de Pesquisas Espaciais), at\u00e9 21 de setembro, a Amaz\u00f4nia registrava 27.660 focos de queimada, n\u00famero maior que em todo o m\u00eas de setembro do ano passado (19.925 focos).<\/p>\n\n\n\n<p>Segundo o governo, o aumento da produ\u00e7\u00e3o no Brasil se d\u00e1 gra\u00e7as \u00e0 &#8220;inova\u00e7\u00e3o tecnol\u00f3gica, sem necessidade de expans\u00e3o de novas \u00e1reas&#8221;.<\/p>\n\n\n\n<p>O governo brasileiro vem sofrendo forte press\u00e3o internacional por causa de sua pol\u00edtica ambiental.<\/p>\n\n\n\n<p>Na semana passada, oito pa\u00edses europeus \u2013Alemanha, Dinamarca, Fran\u00e7a, It\u00e1lia, Holanda, Noruega, Reino Unido e B\u00e9lgica \u2013 enviaram uma carta ao vice-presidente dizendo que o aumento do desmatamento dificulta a compra de produtos brasileiros por consumidores do continente.<\/p>\n\n\n\n<p>A carta se soma a manifesta\u00e7\u00f5es anteriores como as cartas de investidores estrangeiros e ex-presidentes do Banco Central.<\/p>\n\n\n\n<p>O vice-presidente Hamilton Mour\u00e3o (PRTB) disse nesta quarta-feira passada (16) que levar\u00e1, no final de outubro, embaixadores de pa\u00edses que criticam a pol\u00edtica ambiental brasileira para conhecer a Amaz\u00f4nia.<\/p>\n","protected":false},"excerpt":{"rendered":"<p>&#8220;O desmatamento amea\u00e7a a biodiversidade e perturba o clima. O relat\u00f3rio apresentado por Stefan Ambec refor\u00e7a a posi\u00e7\u00e3o da Fran\u00e7a de se opor ao proposto&hellip; <\/p>\n","protected":false},"author":2,"featured_media":189546,"comment_status":"closed","ping_status":"closed","sticky":false,"template":"","format":"standard","meta":{"sfsi_plus_gutenberg_text_before_share":"","sfsi_plus_gutenberg_show_text_before_share":"","sfsi_plus_gutenberg_icon_type":"","sfsi_plus_gutenberg_icon_alignemt":"","sfsi_plus_gutenburg_max_per_row":"","footnotes":""},"categories":[11],"tags":[],"class_list":["post-189545","post","type-post","status-publish","format-standard","has-post-thumbnail","hentry","category-politica"],"_links":{"self":[{"href":"https:\/\/www.caririemacao.com\/1\/wp-json\/wp\/v2\/posts\/189545","targetHints":{"allow":["GET"]}}],"collection":[{"href":"https:\/\/www.caririemacao.com\/1\/wp-json\/wp\/v2\/posts"}],"about":[{"href":"https:\/\/www.caririemacao.com\/1\/wp-json\/wp\/v2\/types\/post"}],"author":[{"embeddable":true,"href":"https:\/\/www.caririemacao.com\/1\/wp-json\/wp\/v2\/users\/2"}],"replies":[{"embeddable":true,"href":"https:\/\/www.caririemacao.com\/1\/wp-json\/wp\/v2\/comments?post=189545"}],"version-history":[{"count":1,"href":"https:\/\/www.caririemacao.com\/1\/wp-json\/wp\/v2\/posts\/189545\/revisions"}],"predecessor-version":[{"id":189547,"href":"https:\/\/www.caririemacao.com\/1\/wp-json\/wp\/v2\/posts\/189545\/revisions\/189547"}],"wp:featuredmedia":[{"embeddable":true,"href":"https:\/\/www.caririemacao.com\/1\/wp-json\/wp\/v2\/media\/189546"}],"wp:attachment":[{"href":"https:\/\/www.caririemacao.com\/1\/wp-json\/wp\/v2\/media?parent=189545"}],"wp:term":[{"taxonomy":"category","embeddable":true,"href":"https:\/\/www.caririemacao.com\/1\/wp-json\/wp\/v2\/categories?post=189545"},{"taxonomy":"post_tag","embeddable":true,"href":"https:\/\/www.caririemacao.com\/1\/wp-json\/wp\/v2\/tags?post=189545"}],"curies":[{"name":"wp","href":"https:\/\/api.w.org\/{rel}","templated":true}]}}