{"id":189549,"date":"2020-09-23T09:00:01","date_gmt":"2020-09-23T12:00:01","guid":{"rendered":"https:\/\/www.caririemacao.com\/1\/?p=189549"},"modified":"2020-09-23T09:00:01","modified_gmt":"2020-09-23T12:00:01","slug":"lei-seca-devido-a-pandemia-testes-de-bafometro-permanecem-suspensos-e-sem-previsao-de-retorno-na-paraiba%e2%80%8b","status":"publish","type":"post","link":"https:\/\/www.caririemacao.com\/1\/2020\/09\/23\/lei-seca-devido-a-pandemia-testes-de-bafometro-permanecem-suspensos-e-sem-previsao-de-retorno-na-paraiba%e2%80%8b\/","title":{"rendered":"Lei Seca: devido \u00e0 pandemia, testes de baf\u00f4metro permanecem suspensos e sem previs\u00e3o de retorno na Para\u00edba\u200b"},"content":{"rendered":"\n<h1 class=\"wp-block-heading\"><\/h1>\n\n\n\n<p>As fiscaliza\u00e7\u00f5es com uso do baf\u00f4metro na Para\u00edba permanecem suspensas. Devido \u00e0 pandemia, os testes de alcolemia n\u00e3o s\u00e3o feitos desde o m\u00eas de mar\u00e7o quando saiu o primeiro decreto de isolamento social em preven\u00e7\u00e3o ao cont\u00e1gio da doen\u00e7a.&nbsp;Em entrevista ao Portal ClickPB, o&nbsp;major Edmilson&nbsp;Castro, coordenador de Policiamento e da Lei Seca do&nbsp;Departamento Estadual de Tr\u00e2nsito (Detran-PB) disse que n\u00e3o h\u00e1 previs\u00e3o de retorno dessas fiscaliza\u00e7\u00f5es.&nbsp;<\/p>\n\n\n\n<p>&#8220;N\u00f3s ainda continuamos com os testes suspensos. N\u00e3o temos previs\u00e3o de retorno em rela\u00e7\u00e3o aos testes. Temos que aguardar os n\u00fameros de casos de Covid diminuir&#8221;, explicou.<\/p>\n\n\n\n<p>No ano passado,&nbsp;a Opera\u00e7\u00e3o Lei Seca durante as suas a\u00e7\u00f5es de fiscaliza\u00e7\u00e3o, lavrou 856 autos por embriaguez, apreendeu 184 ve\u00edculos, lavrou 1304 por motivos diversos e conduziu 9 condutores a delegacia por pr\u00e1tica de crime de embriaguez ao volante.<\/p>\n\n\n\n<p>Em oito anos de fiscaliza\u00e7\u00f5es, a Opera\u00e7\u00e3o Lei Seca registrou mais de&nbsp;13 mil condutores multados, por estarem dirigindo sob a influ\u00eancia de \u00e1lcool.&nbsp;<\/p>\n\n\n\n<p>O&nbsp;condutor s\u00f3 ser\u00e1 autuado pela Lei Seca se o resultado do seu teste for a partir de 0,05 gramas de \u00e1lcool por litro de ar alveolar.&nbsp;Se flagrado conduzindo com suspeita ou&nbsp;sob influ\u00eancia de \u00e1lcool, pode ser penalizado com multa administrativa, suspens\u00e3o do direito de dirigir por 12 (doze) meses e at\u00e9 ser preso por crime de tr\u00e2nsito. A&nbsp;multa prevista \u00e9 no valor de R$ 293,47 (referente \u00e0 infra\u00e7\u00e3o grav\u00edssima) multiplicado por 10, passando a custar R$ 2.934,70.&nbsp;Caso a multa seja paga at\u00e9 o dia do vencimento, o valor ficar\u00e1 em R$ 2.347,76, j\u00e1 que o CTB prev\u00ea um desconto de 20%&nbsp;nesse caso.<\/p>\n\n\n\n<p>De acordo com dados da Coordena\u00e7\u00e3o de Policiamento e Fiscaliza\u00e7\u00e3o de Tr\u00e2nsito do Departamento Estadual de Tr\u00e2nsito (Detran-PB) os registros mais recentes da Opera\u00e7\u00e3o Lei Seca foi no per\u00edodo do Carnaval, com&nbsp;1.200 testes de baf\u00f4metro, 110 motoristas autuados e de 99 CNH\u2019s apreendidas, no m\u00eas de fevereiro.&nbsp;<\/p>\n","protected":false},"excerpt":{"rendered":"<p>As fiscaliza\u00e7\u00f5es com uso do baf\u00f4metro na Para\u00edba permanecem suspensas. Devido \u00e0 pandemia, os testes de alcolemia n\u00e3o s\u00e3o feitos desde o m\u00eas de mar\u00e7o&hellip; <\/p>\n","protected":false},"author":2,"featured_media":189550,"comment_status":"closed","ping_status":"closed","sticky":false,"template":"","format":"standard","meta":{"sfsi_plus_gutenberg_text_before_share":"","sfsi_plus_gutenberg_show_text_before_share":"","sfsi_plus_gutenberg_icon_type":"","sfsi_plus_gutenberg_icon_alignemt":"","sfsi_plus_gutenburg_max_per_row":"","footnotes":""},"categories":[2],"tags":[],"class_list":["post-189549","post","type-post","status-publish","format-standard","has-post-thumbnail","hentry","category-geral"],"_links":{"self":[{"href":"https:\/\/www.caririemacao.com\/1\/wp-json\/wp\/v2\/posts\/189549","targetHints":{"allow":["GET"]}}],"collection":[{"href":"https:\/\/www.caririemacao.com\/1\/wp-json\/wp\/v2\/posts"}],"about":[{"href":"https:\/\/www.caririemacao.com\/1\/wp-json\/wp\/v2\/types\/post"}],"author":[{"embeddable":true,"href":"https:\/\/www.caririemacao.com\/1\/wp-json\/wp\/v2\/users\/2"}],"replies":[{"embeddable":true,"href":"https:\/\/www.caririemacao.com\/1\/wp-json\/wp\/v2\/comments?post=189549"}],"version-history":[{"count":1,"href":"https:\/\/www.caririemacao.com\/1\/wp-json\/wp\/v2\/posts\/189549\/revisions"}],"predecessor-version":[{"id":189551,"href":"https:\/\/www.caririemacao.com\/1\/wp-json\/wp\/v2\/posts\/189549\/revisions\/189551"}],"wp:featuredmedia":[{"embeddable":true,"href":"https:\/\/www.caririemacao.com\/1\/wp-json\/wp\/v2\/media\/189550"}],"wp:attachment":[{"href":"https:\/\/www.caririemacao.com\/1\/wp-json\/wp\/v2\/media?parent=189549"}],"wp:term":[{"taxonomy":"category","embeddable":true,"href":"https:\/\/www.caririemacao.com\/1\/wp-json\/wp\/v2\/categories?post=189549"},{"taxonomy":"post_tag","embeddable":true,"href":"https:\/\/www.caririemacao.com\/1\/wp-json\/wp\/v2\/tags?post=189549"}],"curies":[{"name":"wp","href":"https:\/\/api.w.org\/{rel}","templated":true}]}}