{"id":189553,"date":"2020-09-23T09:01:43","date_gmt":"2020-09-23T12:01:43","guid":{"rendered":"https:\/\/www.caririemacao.com\/1\/?p=189553"},"modified":"2020-09-23T09:01:43","modified_gmt":"2020-09-23T12:01:43","slug":"pericia-medica-inss-autoriza-remarcacao-agendada-e-nao-realizada","status":"publish","type":"post","link":"https:\/\/www.caririemacao.com\/1\/2020\/09\/23\/pericia-medica-inss-autoriza-remarcacao-agendada-e-nao-realizada\/","title":{"rendered":"Per\u00edcia M\u00e9dica: INSS autoriza remarca\u00e7\u00e3o agendada e n\u00e3o realizada"},"content":{"rendered":"\n<h1 class=\"wp-block-heading\"><\/h1>\n\n\n\n<p>Nesta ter\u00e7a-feira (22), a Portaria do Instituto Nacional do Seguro Social (INSS) publicou&nbsp;no&nbsp;Di\u00e1rio Oficial da Uni\u00e3o (DOU) a &nbsp;autoriza\u00e7\u00e3o e a remarca\u00e7\u00e3o de per\u00edcia m\u00e9dica agendada e n\u00e3o realizada atrav\u00e9s do&nbsp;telefone 135. A remarca\u00e7\u00e3o ser\u00e1 permitida \u201cnos casos de n\u00e3o comparecimento do usu\u00e1rio na data agendada ou em que n\u00e3o foi poss\u00edvel a realiza\u00e7\u00e3o do atendimento\u201d na data previamente agendada. Um portal de not\u00edcias &nbsp;procurou a assessoria do INSS na&nbsp;Para\u00edba&nbsp;para informa\u00e7\u00f5es de quais ag\u00eancias realizar\u00e3o o servi\u00e7o, no entanto, a reportagem n\u00e3o obteve retorno.<\/p>\n\n\n\n<p>O texto explica que as medidas n\u00e3o se aplicam \u00e0s ag\u00eancias que permanecem fechadas ou que n\u00e3o ofertem servi\u00e7os de per\u00edcia m\u00e9dica na retomada do atendimento presencial do INSS. H\u00e1 uma semana, o retorno da per\u00edcia m\u00e9dica presencial tem sido parcial e somente 57 ag\u00eancias est\u00e3o realizando o servi\u00e7o at\u00e9 agora. A expectativa \u00e9 de que mais 50 ag\u00eancias retomem os trabalhos de per\u00edcia nesta ter\u00e7a-feira (22).<\/p>\n","protected":false},"excerpt":{"rendered":"<p>Nesta ter\u00e7a-feira (22), a Portaria do Instituto Nacional do Seguro Social (INSS) publicou&nbsp;no&nbsp;Di\u00e1rio Oficial da Uni\u00e3o (DOU) a &nbsp;autoriza\u00e7\u00e3o e a remarca\u00e7\u00e3o de per\u00edcia m\u00e9dica&hellip; <\/p>\n","protected":false},"author":2,"featured_media":189554,"comment_status":"closed","ping_status":"closed","sticky":false,"template":"","format":"standard","meta":{"sfsi_plus_gutenberg_text_before_share":"","sfsi_plus_gutenberg_show_text_before_share":"","sfsi_plus_gutenberg_icon_type":"","sfsi_plus_gutenberg_icon_alignemt":"","sfsi_plus_gutenburg_max_per_row":"","footnotes":""},"categories":[2],"tags":[],"class_list":["post-189553","post","type-post","status-publish","format-standard","has-post-thumbnail","hentry","category-geral"],"_links":{"self":[{"href":"https:\/\/www.caririemacao.com\/1\/wp-json\/wp\/v2\/posts\/189553","targetHints":{"allow":["GET"]}}],"collection":[{"href":"https:\/\/www.caririemacao.com\/1\/wp-json\/wp\/v2\/posts"}],"about":[{"href":"https:\/\/www.caririemacao.com\/1\/wp-json\/wp\/v2\/types\/post"}],"author":[{"embeddable":true,"href":"https:\/\/www.caririemacao.com\/1\/wp-json\/wp\/v2\/users\/2"}],"replies":[{"embeddable":true,"href":"https:\/\/www.caririemacao.com\/1\/wp-json\/wp\/v2\/comments?post=189553"}],"version-history":[{"count":1,"href":"https:\/\/www.caririemacao.com\/1\/wp-json\/wp\/v2\/posts\/189553\/revisions"}],"predecessor-version":[{"id":189555,"href":"https:\/\/www.caririemacao.com\/1\/wp-json\/wp\/v2\/posts\/189553\/revisions\/189555"}],"wp:featuredmedia":[{"embeddable":true,"href":"https:\/\/www.caririemacao.com\/1\/wp-json\/wp\/v2\/media\/189554"}],"wp:attachment":[{"href":"https:\/\/www.caririemacao.com\/1\/wp-json\/wp\/v2\/media?parent=189553"}],"wp:term":[{"taxonomy":"category","embeddable":true,"href":"https:\/\/www.caririemacao.com\/1\/wp-json\/wp\/v2\/categories?post=189553"},{"taxonomy":"post_tag","embeddable":true,"href":"https:\/\/www.caririemacao.com\/1\/wp-json\/wp\/v2\/tags?post=189553"}],"curies":[{"name":"wp","href":"https:\/\/api.w.org\/{rel}","templated":true}]}}