{"id":189561,"date":"2020-09-23T09:53:01","date_gmt":"2020-09-23T12:53:01","guid":{"rendered":"https:\/\/www.caririemacao.com\/1\/?p=189561"},"modified":"2020-09-23T09:53:01","modified_gmt":"2020-09-23T12:53:01","slug":"secretario-de-saude-nega-retorno-de-aulas-presenciais-na-paraiba-a-partir-de-outubro","status":"publish","type":"post","link":"https:\/\/www.caririemacao.com\/1\/2020\/09\/23\/secretario-de-saude-nega-retorno-de-aulas-presenciais-na-paraiba-a-partir-de-outubro\/","title":{"rendered":"Secret\u00e1rio de Sa\u00fade nega retorno de aulas presenciais na Para\u00edba a partir de outubro"},"content":{"rendered":"\n<h1 class=\"wp-block-heading\"><\/h1>\n\n\n\n<div class=\"wp-block-image\"><figure class=\"aligncenter\"><img decoding=\"async\" data-src=\"http:\/\/deolhonocariri.com.br\/wp-content\/uploads\/2020\/04\/geraldo1704a.jpg\" alt=\"\" class=\"wp-image-81446 lazyload\" src=\"data:image\/svg+xml;base64,PHN2ZyB3aWR0aD0iMSIgaGVpZ2h0PSIxIiB4bWxucz0iaHR0cDovL3d3dy53My5vcmcvMjAwMC9zdmciPjwvc3ZnPg==\" \/><\/figure><\/div>\n\n\n\n<p>O secret\u00e1rio de Sa\u00fade do Estado, Geraldo Medeiros negou, durante entrevista ao programa \u2018F5\u2019 na 89 R\u00e1dio POP, nesta ter\u00e7a-feira (22), que as aulas presenciais ser\u00e3o retomadas na Para\u00edba a partir de outubro deste ano.<\/p>\n\n\n\n<p>De acordo com informa\u00e7\u00f5es divulgadas em alguns meios de comunica\u00e7\u00e3o, j\u00e1 teriam sido definidas as poss\u00edveis datas de retorno das atividades do sistema educacional, p\u00fablico e privado, em todo o Estado. Sendo informado que, no dia 6 de outubro poderiam voltar as aulas do 3\u00aa ano, dia 13 seriam liberadas as atividades presenciais para o 2\u00aa ano e, no dia 20 do mesmo m\u00eas, retornaria o 1\u00ba ano.<\/p>\n\n\n\n<p>\u201cEsse atitude baseada no achismo n\u00e3o \u00e9 a posi\u00e7\u00e3o que a Secretaria adota desde o in\u00edcio da pandemia. Estamos trabalhando sempre com as evid\u00eancias cient\u00edficas, com transpar\u00eancia e verdade, e n\u00e3o h\u00e1 esse pren\u00fancio de abertura das aulas presenciais. Isso seria temer\u00e1rio neste momento\u201d, afirmou.<\/p>\n\n\n\n<p>O secret\u00e1rio ainda afirmou que est\u00e1 aguardando a realiza\u00e7\u00e3o do inqu\u00e9rito sorol\u00f3gico, que ir\u00e1 testar dois mil lares paraibanos, para identificar pessoas com mais de 60 anos ou pessoas com menos de 60, mas que tem doen\u00e7as associadas, e que dividem espa\u00e7o com crian\u00e7as e adolescentes entre 13 e 17 anos.<\/p>\n\n\n\n<p>O objetivo \u00e9 ter um ideia exata do grau de imunidade e quais ser\u00e3o os resultados p\u00f3s-reaberturas das escolas em toda a Para\u00edba.<\/p>\n","protected":false},"excerpt":{"rendered":"<p>O secret\u00e1rio de Sa\u00fade do Estado, Geraldo Medeiros negou, durante entrevista ao programa \u2018F5\u2019 na 89 R\u00e1dio POP, nesta ter\u00e7a-feira (22), que as aulas presenciais&hellip; <\/p>\n","protected":false},"author":2,"featured_media":183019,"comment_status":"closed","ping_status":"closed","sticky":false,"template":"","format":"standard","meta":{"sfsi_plus_gutenberg_text_before_share":"","sfsi_plus_gutenberg_show_text_before_share":"","sfsi_plus_gutenberg_icon_type":"","sfsi_plus_gutenberg_icon_alignemt":"","sfsi_plus_gutenburg_max_per_row":"","footnotes":""},"categories":[14],"tags":[],"class_list":["post-189561","post","type-post","status-publish","format-standard","has-post-thumbnail","hentry","category-educacao"],"_links":{"self":[{"href":"https:\/\/www.caririemacao.com\/1\/wp-json\/wp\/v2\/posts\/189561","targetHints":{"allow":["GET"]}}],"collection":[{"href":"https:\/\/www.caririemacao.com\/1\/wp-json\/wp\/v2\/posts"}],"about":[{"href":"https:\/\/www.caririemacao.com\/1\/wp-json\/wp\/v2\/types\/post"}],"author":[{"embeddable":true,"href":"https:\/\/www.caririemacao.com\/1\/wp-json\/wp\/v2\/users\/2"}],"replies":[{"embeddable":true,"href":"https:\/\/www.caririemacao.com\/1\/wp-json\/wp\/v2\/comments?post=189561"}],"version-history":[{"count":1,"href":"https:\/\/www.caririemacao.com\/1\/wp-json\/wp\/v2\/posts\/189561\/revisions"}],"predecessor-version":[{"id":189562,"href":"https:\/\/www.caririemacao.com\/1\/wp-json\/wp\/v2\/posts\/189561\/revisions\/189562"}],"wp:featuredmedia":[{"embeddable":true,"href":"https:\/\/www.caririemacao.com\/1\/wp-json\/wp\/v2\/media\/183019"}],"wp:attachment":[{"href":"https:\/\/www.caririemacao.com\/1\/wp-json\/wp\/v2\/media?parent=189561"}],"wp:term":[{"taxonomy":"category","embeddable":true,"href":"https:\/\/www.caririemacao.com\/1\/wp-json\/wp\/v2\/categories?post=189561"},{"taxonomy":"post_tag","embeddable":true,"href":"https:\/\/www.caririemacao.com\/1\/wp-json\/wp\/v2\/tags?post=189561"}],"curies":[{"name":"wp","href":"https:\/\/api.w.org\/{rel}","templated":true}]}}