{"id":189572,"date":"2020-09-23T10:05:52","date_gmt":"2020-09-23T13:05:52","guid":{"rendered":"https:\/\/www.caririemacao.com\/1\/?p=189572"},"modified":"2020-09-23T10:05:52","modified_gmt":"2020-09-23T13:05:52","slug":"secretaria-municipal-de-saude-de-monteiro-informa-sobre-03-novos-casos-de-covid","status":"publish","type":"post","link":"https:\/\/www.caririemacao.com\/1\/2020\/09\/23\/secretaria-municipal-de-saude-de-monteiro-informa-sobre-03-novos-casos-de-covid\/","title":{"rendered":"Secretaria Municipal de Sa\u00fade de Monteiro informa sobre 03 novos casos de Covid"},"content":{"rendered":"\n<h1 class=\"wp-block-heading\"><\/h1>\n\n\n\n<hr class=\"wp-block-separator\"\/>\n\n\n\n<p><a href=\"https:\/\/www.facebook.com\/sharer.php?u=https%3A%2F%2Fwww.vitrinedocariri.com.br%2F2020%2F09%2Fsecretaria-municipal-de-saude-de-monteiro-informa-sobre-03-novos-casos-de-covid%2F\" target=\"_blank\" rel=\"noreferrer noopener\"><\/a><a href=\"https:\/\/twitter.com\/share?url=https%3A%2F%2Fwww.vitrinedocariri.com.br%2F2020%2F09%2Fsecretaria-municipal-de-saude-de-monteiro-informa-sobre-03-novos-casos-de-covid%2F&amp;text=Acabei%20de%20ver%20Secretaria%20Municipal%20de%20Sa%C3%BAde%20de%20Monteiro%20informa%20sobre%2003%20novos%20casos%20de%20Covid%20-%20Clique%20para%20ver%20tamb%C3%A9m%20%E2%98%9B%20\" target=\"_blank\" rel=\"noreferrer noopener\"><\/a><a href=\"\/\/send?text=Secretaria%20Municipal%20de%20Sa%C3%BAde%20de%20Monteiro%20informa%20sobre%2003%20novos%20casos%20de%20Covid%20%E2%98%9B%20https%3A%2F%2Fwww.vitrinedocariri.com.br%2F2020%2F09%2Fsecretaria-municipal-de-saude-de-monteiro-informa-sobre-03-novos-casos-de-covid%2F\" target=\"_blank\" rel=\"noreferrer noopener\"><\/a><a href=\"javascript:void(0);\"><\/a>Secretaria Municipal de Sa\u00fade de Monteiro informa sobre 03 novos casos de Covid<\/p>\n\n\n\n<p>Nota Informativa<br>Atualizada em 22\/09\/2020<\/p>\n\n\n\n<p>A Secretaria Municipal de Sa\u00fade de Monteiro informa que nesta Ter\u00e7a- feira, 22, tivemos mais 03 novos casos CONFIRMADOS para Covid-19.<\/p>\n\n\n\n<p>Sendo 01 (um) caso 30 anos sexo feminino e 02 (dois) casos 24 e 39 anos sexo masculino.&nbsp; Est\u00e3o sendo monitorados pela equipe de Vigil\u00e2ncia em Sa\u00fade e Unidades B\u00e1sicas de Sa\u00fade do Munic\u00edpio, em isolamento domiciliar. E 01 (um) paciente interno na ala de COVID-19, no Hospital Regional Santa Filomena, em Estado Geral Regular.<\/p>\n\n\n\n<p>Foi transferido 01 paciente de caso suspeito, sexo feminino, 28 anos, sem comorbidades, para o Hospital Jo\u00e3o XXIII, em Estado Geral Regular, acompanhado pela Equipe do SAMU.<\/p>\n\n\n\n<p>Totalizamos nesta data: &nbsp;04 pacientes no Hospital Pedro I, e 01 paciente no Hospital Jo\u00e3o XXIII, em Campina Grande. Permanecem est\u00e1veis.<\/p>\n\n\n\n<p>Atestamos que nesta data foram registrados mais 04 casos RECUPERADOS, totalizando, 631 casos recuperados da COVID 19.<\/p>\n\n\n\n<p><img decoding=\"async\" alt=\"&#x26a0;\" data-src=\"https:\/\/s.w.org\/images\/core\/emoji\/12.0.0-1\/svg\/26a0.svg\" src=\"data:image\/svg+xml;base64,PHN2ZyB3aWR0aD0iMSIgaGVpZ2h0PSIxIiB4bWxucz0iaHR0cDovL3d3dy53My5vcmcvMjAwMC9zdmciPjwvc3ZnPg==\" class=\"lazyload\">Refor\u00e7amos a import\u00e2ncia de toda popula\u00e7\u00e3o seguir as orienta\u00e7\u00f5es do distanciamento social, o uso de m\u00e1scaras, a higieniza\u00e7\u00e3o das m\u00e3os com \u00e1lcool 70% e demais medidas apresentadas pela Secretaria de Sa\u00fade.<\/p>\n","protected":false},"excerpt":{"rendered":"<p>Secretaria Municipal de Sa\u00fade de Monteiro informa sobre 03 novos casos de Covid Nota InformativaAtualizada em 22\/09\/2020 A Secretaria Municipal de Sa\u00fade de Monteiro informa&hellip; <\/p>\n","protected":false},"author":2,"featured_media":189573,"comment_status":"closed","ping_status":"closed","sticky":false,"template":"","format":"standard","meta":{"sfsi_plus_gutenberg_text_before_share":"","sfsi_plus_gutenberg_show_text_before_share":"","sfsi_plus_gutenberg_icon_type":"","sfsi_plus_gutenberg_icon_alignemt":"","sfsi_plus_gutenburg_max_per_row":"","footnotes":""},"categories":[16],"tags":[],"class_list":["post-189572","post","type-post","status-publish","format-standard","has-post-thumbnail","hentry","category-saude"],"_links":{"self":[{"href":"https:\/\/www.caririemacao.com\/1\/wp-json\/wp\/v2\/posts\/189572","targetHints":{"allow":["GET"]}}],"collection":[{"href":"https:\/\/www.caririemacao.com\/1\/wp-json\/wp\/v2\/posts"}],"about":[{"href":"https:\/\/www.caririemacao.com\/1\/wp-json\/wp\/v2\/types\/post"}],"author":[{"embeddable":true,"href":"https:\/\/www.caririemacao.com\/1\/wp-json\/wp\/v2\/users\/2"}],"replies":[{"embeddable":true,"href":"https:\/\/www.caririemacao.com\/1\/wp-json\/wp\/v2\/comments?post=189572"}],"version-history":[{"count":1,"href":"https:\/\/www.caririemacao.com\/1\/wp-json\/wp\/v2\/posts\/189572\/revisions"}],"predecessor-version":[{"id":189574,"href":"https:\/\/www.caririemacao.com\/1\/wp-json\/wp\/v2\/posts\/189572\/revisions\/189574"}],"wp:featuredmedia":[{"embeddable":true,"href":"https:\/\/www.caririemacao.com\/1\/wp-json\/wp\/v2\/media\/189573"}],"wp:attachment":[{"href":"https:\/\/www.caririemacao.com\/1\/wp-json\/wp\/v2\/media?parent=189572"}],"wp:term":[{"taxonomy":"category","embeddable":true,"href":"https:\/\/www.caririemacao.com\/1\/wp-json\/wp\/v2\/categories?post=189572"},{"taxonomy":"post_tag","embeddable":true,"href":"https:\/\/www.caririemacao.com\/1\/wp-json\/wp\/v2\/tags?post=189572"}],"curies":[{"name":"wp","href":"https:\/\/api.w.org\/{rel}","templated":true}]}}