{"id":189586,"date":"2020-09-23T13:28:02","date_gmt":"2020-09-23T16:28:02","guid":{"rendered":"https:\/\/www.caririemacao.com\/1\/?p=189586"},"modified":"2020-09-23T13:28:04","modified_gmt":"2020-09-23T16:28:04","slug":"homem-e-morto-a-facadas-na-zona-rural-de-caraubas-acusado-do-crime-foi-apreendido","status":"publish","type":"post","link":"https:\/\/www.caririemacao.com\/1\/2020\/09\/23\/homem-e-morto-a-facadas-na-zona-rural-de-caraubas-acusado-do-crime-foi-apreendido\/","title":{"rendered":"Homem \u00e9 morto a facadas na zona rural de Cara\u00fabas; acusado do crime foi apreendido"},"content":{"rendered":"\n<h1 class=\"wp-block-heading\"><\/h1>\n\n\n\n<p>O fato ocorreu durante a tarde onde o acusado pelo homic\u00eddio, o indiv\u00edduo identificado por Graciel, chegou e desferiu algumas facadas na v\u00edtima que estava sentado a mesa. Populares socorreram a v\u00edtima para o posto m\u00e9dico de Cara\u00fabas onde foi encaminhado para Campina Grande.&nbsp;Miguel passou por cirurgia mais n\u00e3o resistiu \u00e9 veio a \u00f3bito.<\/p>\n\n\n\n<p>Na cena do crime tinha algumas pessoas bebendo incluindo a v\u00edtima Miguel J\u00fanior, vulgo Chic\u00e3o.<\/p>\n\n\n\n<p>O acusado foi preso em flagrante e encaminhado direto para Monteiro, o mesmo j\u00e1 responde processo por agress\u00e3o. At\u00e9 o momento n\u00e3o se sabe qual motivo do crime.<\/p>\n\n\n\n<p>Esse caso abalou toda cidade de Cara\u00fabas por conta da crueldade e frieza que o autor praticou o crime de morte.<\/p>\n","protected":false},"excerpt":{"rendered":"<p>O fato ocorreu durante a tarde onde o acusado pelo homic\u00eddio, o indiv\u00edduo identificado por Graciel, chegou e desferiu algumas facadas na v\u00edtima que estava&hellip; <\/p>\n","protected":false},"author":2,"featured_media":189587,"comment_status":"closed","ping_status":"closed","sticky":false,"template":"","format":"standard","meta":{"sfsi_plus_gutenberg_text_before_share":"","sfsi_plus_gutenberg_show_text_before_share":"","sfsi_plus_gutenberg_icon_type":"","sfsi_plus_gutenberg_icon_alignemt":"","sfsi_plus_gutenburg_max_per_row":"","footnotes":""},"categories":[12],"tags":[],"class_list":["post-189586","post","type-post","status-publish","format-standard","has-post-thumbnail","hentry","category-policia"],"_links":{"self":[{"href":"https:\/\/www.caririemacao.com\/1\/wp-json\/wp\/v2\/posts\/189586","targetHints":{"allow":["GET"]}}],"collection":[{"href":"https:\/\/www.caririemacao.com\/1\/wp-json\/wp\/v2\/posts"}],"about":[{"href":"https:\/\/www.caririemacao.com\/1\/wp-json\/wp\/v2\/types\/post"}],"author":[{"embeddable":true,"href":"https:\/\/www.caririemacao.com\/1\/wp-json\/wp\/v2\/users\/2"}],"replies":[{"embeddable":true,"href":"https:\/\/www.caririemacao.com\/1\/wp-json\/wp\/v2\/comments?post=189586"}],"version-history":[{"count":1,"href":"https:\/\/www.caririemacao.com\/1\/wp-json\/wp\/v2\/posts\/189586\/revisions"}],"predecessor-version":[{"id":189588,"href":"https:\/\/www.caririemacao.com\/1\/wp-json\/wp\/v2\/posts\/189586\/revisions\/189588"}],"wp:featuredmedia":[{"embeddable":true,"href":"https:\/\/www.caririemacao.com\/1\/wp-json\/wp\/v2\/media\/189587"}],"wp:attachment":[{"href":"https:\/\/www.caririemacao.com\/1\/wp-json\/wp\/v2\/media?parent=189586"}],"wp:term":[{"taxonomy":"category","embeddable":true,"href":"https:\/\/www.caririemacao.com\/1\/wp-json\/wp\/v2\/categories?post=189586"},{"taxonomy":"post_tag","embeddable":true,"href":"https:\/\/www.caririemacao.com\/1\/wp-json\/wp\/v2\/tags?post=189586"}],"curies":[{"name":"wp","href":"https:\/\/api.w.org\/{rel}","templated":true}]}}