{"id":189590,"date":"2020-09-23T13:30:02","date_gmt":"2020-09-23T16:30:02","guid":{"rendered":"https:\/\/www.caririemacao.com\/1\/?p=189590"},"modified":"2020-09-23T13:30:05","modified_gmt":"2020-09-23T16:30:05","slug":"candidata-a-vereadora-em-joao-pessoa-registra-candidatura-com-o-nome-de-bolsoreth-em-referencia-a-jair-bolsonaro","status":"publish","type":"post","link":"https:\/\/www.caririemacao.com\/1\/2020\/09\/23\/candidata-a-vereadora-em-joao-pessoa-registra-candidatura-com-o-nome-de-bolsoreth-em-referencia-a-jair-bolsonaro\/","title":{"rendered":"Candidata a vereadora em Jo\u00e3o Pessoa registra candidatura com o nome de Bolsoreth, em refer\u00eancia a Jair Bolsonaro"},"content":{"rendered":"\n<h1 class=\"wp-block-heading\"><\/h1>\n\n\n\n<p>Uma pr\u00e9-candidata a vereadora de Jo\u00e3o Pessoa conseguiu improvisar uma maneira de ter seu nome associado ao do presidente Jair Bolsonaro, mesmo ele tendo declarado que n\u00e3o se envolveria nas elei\u00e7\u00f5es municipais deste ano. Margareth Soares de Oliveira, do partido Patriota, registrou a candidatura no Tribunal Superior Eleitoral (TSE) como Bolsoreth.<\/p>\n\n\n\n<p>O cadastro de Bolsoreth j\u00e1 aparece no site Divulga\u00e7\u00e3o de Candidaturas e Contas Eleitorais do TSE e a candidatura est\u00e1 aguardando julgamento.<\/p>\n\n\n\n<p>Esta \u00e9 a segunda vez que a candidata concorre ao cargo em Jo\u00e3o Pessoa. Em 2012 ela concorreu e ficou como suplente pelo partido PT do B. Na \u00e9poca, o nome usado foi Margareth Soares.<\/p>\n\n\n\n<figure class=\"wp-block-image\"><img decoding=\"async\" data-src=\"https:\/\/www.clickpb.com.br\/media\/filer_public\/34\/26\/34265685-c183-4b5f-a2fe-be86c830da1a\/bolsoreth.jpg\" alt=\"\" src=\"data:image\/svg+xml;base64,PHN2ZyB3aWR0aD0iMSIgaGVpZ2h0PSIxIiB4bWxucz0iaHR0cDovL3d3dy53My5vcmcvMjAwMC9zdmciPjwvc3ZnPg==\" class=\"lazyload\" \/><\/figure>\n","protected":false},"excerpt":{"rendered":"<p>Uma pr\u00e9-candidata a vereadora de Jo\u00e3o Pessoa conseguiu improvisar uma maneira de ter seu nome associado ao do presidente Jair Bolsonaro, mesmo ele tendo declarado&hellip; <\/p>\n","protected":false},"author":2,"featured_media":189591,"comment_status":"closed","ping_status":"closed","sticky":false,"template":"","format":"standard","meta":{"sfsi_plus_gutenberg_text_before_share":"","sfsi_plus_gutenberg_show_text_before_share":"","sfsi_plus_gutenberg_icon_type":"","sfsi_plus_gutenberg_icon_alignemt":"","sfsi_plus_gutenburg_max_per_row":"","footnotes":""},"categories":[2],"tags":[],"class_list":["post-189590","post","type-post","status-publish","format-standard","has-post-thumbnail","hentry","category-geral"],"_links":{"self":[{"href":"https:\/\/www.caririemacao.com\/1\/wp-json\/wp\/v2\/posts\/189590","targetHints":{"allow":["GET"]}}],"collection":[{"href":"https:\/\/www.caririemacao.com\/1\/wp-json\/wp\/v2\/posts"}],"about":[{"href":"https:\/\/www.caririemacao.com\/1\/wp-json\/wp\/v2\/types\/post"}],"author":[{"embeddable":true,"href":"https:\/\/www.caririemacao.com\/1\/wp-json\/wp\/v2\/users\/2"}],"replies":[{"embeddable":true,"href":"https:\/\/www.caririemacao.com\/1\/wp-json\/wp\/v2\/comments?post=189590"}],"version-history":[{"count":1,"href":"https:\/\/www.caririemacao.com\/1\/wp-json\/wp\/v2\/posts\/189590\/revisions"}],"predecessor-version":[{"id":189592,"href":"https:\/\/www.caririemacao.com\/1\/wp-json\/wp\/v2\/posts\/189590\/revisions\/189592"}],"wp:featuredmedia":[{"embeddable":true,"href":"https:\/\/www.caririemacao.com\/1\/wp-json\/wp\/v2\/media\/189591"}],"wp:attachment":[{"href":"https:\/\/www.caririemacao.com\/1\/wp-json\/wp\/v2\/media?parent=189590"}],"wp:term":[{"taxonomy":"category","embeddable":true,"href":"https:\/\/www.caririemacao.com\/1\/wp-json\/wp\/v2\/categories?post=189590"},{"taxonomy":"post_tag","embeddable":true,"href":"https:\/\/www.caririemacao.com\/1\/wp-json\/wp\/v2\/tags?post=189590"}],"curies":[{"name":"wp","href":"https:\/\/api.w.org\/{rel}","templated":true}]}}