{"id":189594,"date":"2020-09-23T13:36:18","date_gmt":"2020-09-23T16:36:18","guid":{"rendered":"https:\/\/www.caririemacao.com\/1\/?p=189594"},"modified":"2020-09-23T13:36:20","modified_gmt":"2020-09-23T16:36:20","slug":"empresarios-musicos-e-produtores-de-eventos-da-paraiba-apresentam-protocolos-de-retomada-com-distanciamento-social-e-limite-de-40-da-capacidade","status":"publish","type":"post","link":"https:\/\/www.caririemacao.com\/1\/2020\/09\/23\/empresarios-musicos-e-produtores-de-eventos-da-paraiba-apresentam-protocolos-de-retomada-com-distanciamento-social-e-limite-de-40-da-capacidade\/","title":{"rendered":"Empres\u00e1rios, m\u00fasicos e produtores de eventos da Para\u00edba apresentam protocolos de retomada com distanciamento social e limite de 40% da capacidade"},"content":{"rendered":"\n<h1 class=\"wp-block-heading\"><\/h1>\n\n\n\n<p>Mais de 80 pessoas que trabalham no setor&nbsp;de eventos e&nbsp;shows, de pequeno e grande porte na Para\u00edba, v\u00e3o se reunir nesta quinta-feira (24), \u00e0s 14h30, em um hotel do bairro de Tamba\u00fa, em Jo\u00e3o Pessoa, para discutir a quest\u00e3o da retomada da atividade. Eles ir\u00e3o apresentar um plano com alternativas e propostas com distanciamento social e limite de 40% da capacidade. A categoria est\u00e1 parada h\u00e1 quase sete meses por conta da pandemia do novo coronav\u00edrus.<\/p>\n\n\n\n<p>Inicialmente, de acordo com um dos apoiadores do movimento, Gilberto Ruy, presidente do Clube Cabo Branco, a reuni\u00e3o ocorre somente com os empres\u00e1rios, artistas e produtores de&nbsp;eventos tanto de Jo\u00e3o Pessoa quanto de Campina Grande. Nessa reuni\u00e3o&nbsp;ser\u00e1 criada uma associa\u00e7\u00e3o que represente a categoria. \u201cIremos criar uma associa\u00e7\u00e3o para que nos d\u00ea a representatividade e na pr\u00f3xima semana poderemos ir atr\u00e1s dos deputados, dos poderes p\u00fablicos e apresentar nossa proposta e cobrar o retorno\u201d, comentou em entrevista ao ClickPB.<\/p>\n\n\n\n<p>Ainda segundo Gilberto Ruy, a categoria sabe que a pandemia n\u00e3o acabou, mas as pessoas que trabalham com&nbsp;eventos e shows est\u00e3o&nbsp;prejudicados com a interrup\u00e7\u00e3o dessas atividades. \u201cA classe est\u00e1 h\u00e1 mais de sete meses sem atividades. Mais de 540 pessoas dependem de eventos. N\u00e3o \u00e9 s\u00f3 o cantor, mas a produ\u00e7\u00e3o depende dessa situa\u00e7\u00e3o financeira\u201d, frisou.<\/p>\n\n\n\n<p>No plano que ser\u00e1 apresentado consta a limita\u00e7\u00e3o do p\u00fablico nos espa\u00e7os, em torno de 40%, uso de m\u00e1scaras, distanciamento social, aferi\u00e7\u00e3o de temperatura e higieniza\u00e7\u00e3o dos espa\u00e7os. Gilberto Ruy ainda explicou que a quantidade de pessoas tamb\u00e9m pode variar. \u201cL\u00e1 no Clube cabem 5 mil pessoas, sem mesas. Ent\u00e3o a gente est\u00e1 pensando em colocar 500, ou seja, 10%, menos de 40%. Pessoas com temperatura do permitido n\u00e3o ter\u00e3o acesso aos eventos\u201d, frisou.<\/p>\n","protected":false},"excerpt":{"rendered":"<p>Mais de 80 pessoas que trabalham no setor&nbsp;de eventos e&nbsp;shows, de pequeno e grande porte na Para\u00edba, v\u00e3o se reunir nesta quinta-feira (24), \u00e0s 14h30,&hellip; <\/p>\n","protected":false},"author":2,"featured_media":189595,"comment_status":"closed","ping_status":"closed","sticky":false,"template":"","format":"standard","meta":{"sfsi_plus_gutenberg_text_before_share":"","sfsi_plus_gutenberg_show_text_before_share":"","sfsi_plus_gutenberg_icon_type":"","sfsi_plus_gutenberg_icon_alignemt":"","sfsi_plus_gutenburg_max_per_row":"","footnotes":""},"categories":[50,2],"tags":[],"class_list":["post-189594","post","type-post","status-publish","format-standard","has-post-thumbnail","hentry","category-destaque","category-geral"],"_links":{"self":[{"href":"https:\/\/www.caririemacao.com\/1\/wp-json\/wp\/v2\/posts\/189594","targetHints":{"allow":["GET"]}}],"collection":[{"href":"https:\/\/www.caririemacao.com\/1\/wp-json\/wp\/v2\/posts"}],"about":[{"href":"https:\/\/www.caririemacao.com\/1\/wp-json\/wp\/v2\/types\/post"}],"author":[{"embeddable":true,"href":"https:\/\/www.caririemacao.com\/1\/wp-json\/wp\/v2\/users\/2"}],"replies":[{"embeddable":true,"href":"https:\/\/www.caririemacao.com\/1\/wp-json\/wp\/v2\/comments?post=189594"}],"version-history":[{"count":1,"href":"https:\/\/www.caririemacao.com\/1\/wp-json\/wp\/v2\/posts\/189594\/revisions"}],"predecessor-version":[{"id":189596,"href":"https:\/\/www.caririemacao.com\/1\/wp-json\/wp\/v2\/posts\/189594\/revisions\/189596"}],"wp:featuredmedia":[{"embeddable":true,"href":"https:\/\/www.caririemacao.com\/1\/wp-json\/wp\/v2\/media\/189595"}],"wp:attachment":[{"href":"https:\/\/www.caririemacao.com\/1\/wp-json\/wp\/v2\/media?parent=189594"}],"wp:term":[{"taxonomy":"category","embeddable":true,"href":"https:\/\/www.caririemacao.com\/1\/wp-json\/wp\/v2\/categories?post=189594"},{"taxonomy":"post_tag","embeddable":true,"href":"https:\/\/www.caririemacao.com\/1\/wp-json\/wp\/v2\/tags?post=189594"}],"curies":[{"name":"wp","href":"https:\/\/api.w.org\/{rel}","templated":true}]}}