{"id":189600,"date":"2020-09-23T13:55:28","date_gmt":"2020-09-23T16:55:28","guid":{"rendered":"https:\/\/www.caririemacao.com\/1\/?p=189600"},"modified":"2020-09-23T13:55:30","modified_gmt":"2020-09-23T16:55:30","slug":"municipio-de-ouro-velho-adquire-mais-um-transporte-para-area-da-saude-no-municipio","status":"publish","type":"post","link":"https:\/\/www.caririemacao.com\/1\/2020\/09\/23\/municipio-de-ouro-velho-adquire-mais-um-transporte-para-area-da-saude-no-municipio\/","title":{"rendered":"Munic\u00edpio de Ouro Velho adquire mais um transporte para \u00e1rea da sa\u00fade no mun\u00edcipio"},"content":{"rendered":"\n<p>O Munic\u00edpio de Ouro Velho adquiriu mais um novo transporte para a \u00e1rea da sa\u00fade no munic\u00edpio.<\/p>\n\n\n\n<p>A van aquidirida foi da emenda impositiva do gabinete do Deputado Federal Efraim Filho<\/p>\n\n\n\n<p>O transporte ser\u00e1 de grande utilidade para Secretaria de Sa\u00fade no transporte de pacientes. Com acessibilidade para 01 cadeirante.<\/p>\n\n\n\n<p>De acordo com Dr. J\u00fanior, o transporte vai servir\u00e1 para beneficiar a popula\u00e7\u00e3o agilidade, seguran\u00e7a e rapidez no atendimeno. <\/p>\n\n\n\n<p><\/p>\n\n\n\n<p><\/p>\n","protected":false},"excerpt":{"rendered":"<p>O Munic\u00edpio de Ouro Velho adquiriu mais um novo transporte para a \u00e1rea da sa\u00fade no munic\u00edpio. A van aquidirida foi da emenda impositiva do&hellip; <\/p>\n","protected":false},"author":1,"featured_media":189601,"comment_status":"closed","ping_status":"closed","sticky":false,"template":"","format":"standard","meta":{"sfsi_plus_gutenberg_text_before_share":"","sfsi_plus_gutenberg_show_text_before_share":"","sfsi_plus_gutenberg_icon_type":"","sfsi_plus_gutenberg_icon_alignemt":"","sfsi_plus_gutenburg_max_per_row":"","footnotes":""},"categories":[6],"tags":[],"class_list":["post-189600","post","type-post","status-publish","format-standard","has-post-thumbnail","hentry","category-cidades"],"_links":{"self":[{"href":"https:\/\/www.caririemacao.com\/1\/wp-json\/wp\/v2\/posts\/189600","targetHints":{"allow":["GET"]}}],"collection":[{"href":"https:\/\/www.caririemacao.com\/1\/wp-json\/wp\/v2\/posts"}],"about":[{"href":"https:\/\/www.caririemacao.com\/1\/wp-json\/wp\/v2\/types\/post"}],"author":[{"embeddable":true,"href":"https:\/\/www.caririemacao.com\/1\/wp-json\/wp\/v2\/users\/1"}],"replies":[{"embeddable":true,"href":"https:\/\/www.caririemacao.com\/1\/wp-json\/wp\/v2\/comments?post=189600"}],"version-history":[{"count":1,"href":"https:\/\/www.caririemacao.com\/1\/wp-json\/wp\/v2\/posts\/189600\/revisions"}],"predecessor-version":[{"id":189602,"href":"https:\/\/www.caririemacao.com\/1\/wp-json\/wp\/v2\/posts\/189600\/revisions\/189602"}],"wp:featuredmedia":[{"embeddable":true,"href":"https:\/\/www.caririemacao.com\/1\/wp-json\/wp\/v2\/media\/189601"}],"wp:attachment":[{"href":"https:\/\/www.caririemacao.com\/1\/wp-json\/wp\/v2\/media?parent=189600"}],"wp:term":[{"taxonomy":"category","embeddable":true,"href":"https:\/\/www.caririemacao.com\/1\/wp-json\/wp\/v2\/categories?post=189600"},{"taxonomy":"post_tag","embeddable":true,"href":"https:\/\/www.caririemacao.com\/1\/wp-json\/wp\/v2\/tags?post=189600"}],"curies":[{"name":"wp","href":"https:\/\/api.w.org\/{rel}","templated":true}]}}