{"id":189649,"date":"2020-09-23T19:09:44","date_gmt":"2020-09-23T22:09:44","guid":{"rendered":"https:\/\/www.caririemacao.com\/1\/?p=189649"},"modified":"2020-09-23T19:09:47","modified_gmt":"2020-09-23T22:09:47","slug":"mulher-desce-do-carro-agasalha-morador-de-rua-na-chuva-e-imagem-comove-internautas","status":"publish","type":"post","link":"https:\/\/www.caririemacao.com\/1\/2020\/09\/23\/mulher-desce-do-carro-agasalha-morador-de-rua-na-chuva-e-imagem-comove-internautas\/","title":{"rendered":"Mulher desce do carro, agasalha morador de rua na chuva e imagem comove internautas"},"content":{"rendered":"\n<p class=\"wp-block-paragraph\">Em um dia frio e de chuva, a atitude de uma\u00a0mulher ao descer do carro e agasalhar um morador de rua, em\u00a0S\u00e3o Vicente, no litoral de S\u00e3o Paulo, comoveu muitas pessoas. &#8220;Foi um ato de muita solidariedade&#8221;, resumiu o eletricista Douglas Aparecido do Carmo, de 26 anos, em entrevista ao\u00a0<strong>G1<\/strong>\u00a0nesta quarta-feira (23).<\/p>\n\n\n\n<p class=\"wp-block-paragraph\">O jovem gravou a a\u00e7\u00e3o da mulher, ainda n\u00e3o identificada, e publicou nas redes sociais, comovendo internautas.<\/p>\n\n\n\n<p class=\"wp-block-paragraph\">O eletricista relata que estava indo para uma consulta m\u00e9dica de carro, acompanhado da m\u00e3e, e ao passar pela Avenida Quintino Bocaiuva, no Centro da cidade, viu um morador de rua pedindo dinheiro em alguns ve\u00edculos que paravam no sem\u00e1foro.<\/p>\n\n\n\n<p class=\"wp-block-paragraph\">De acordo com ele, segundos depois, uma mulher que estava em um autom\u00f3vel branco desceu e foi em dire\u00e7\u00e3o ao homem. &#8220;Estava chovendo bastante, o morador de rua andava na dire\u00e7\u00e3o do carro em que ela estava.&nbsp;Foi quando ela desceu do ve\u00edculo, levou um casaco e ainda colocou nele. Ele j\u00e1 estava pedindo um trocado para o pessoal l\u00e1 na frente. Eu n\u00e3o sei se ela estava dirigindo ou era passageira do carro&#8221;, explica.<\/p>\n\n\n\n<h2 class=\"has-normal-font-size wp-block-heading\">V\u00eddeo viralizou<\/h2>\n\n\n\n<p class=\"wp-block-paragraph\">A a\u00e7\u00e3o chamou a aten\u00e7\u00e3o do jovem, que gravou o momento da doa\u00e7\u00e3o. Depois, o eletricista publicou o v\u00eddeo nas redes sociais e a imagem comoveu internautas.<\/p>\n\n\n\n<blockquote class=\"wp-block-quote is-layout-flow wp-block-quote-is-layout-flow\"><p>&#8220;Eu ainda n\u00e3o sei quem ela \u00e9, mas estou tentando encontr\u00e1-la pelas redes sociais. Quero poder dizer parab\u00e9ns pela atitude, porque ela n\u00e3o s\u00f3 deu o casaco, ela o vestiu nele. Acho que isso \u00e9 um exemplo a ser seguido, porque moradores de rua, \u00e0s vezes, s\u00e3o invis\u00edveis \u00e0 sociedade e merecem ser tratados como qualquer outra pessoa. E ela foi ali e fez, sem pensar que outra pessoa veria, fez pensando em ajudar ao pr\u00f3ximo, mesmo&#8221;.<\/p><\/blockquote>\n\n\n\n<p class=\"wp-block-paragraph\">Para Douglas, a atitude chamou a aten\u00e7\u00e3o, dele e de tantas outras pessoas, devido ao cen\u00e1rio de viol\u00eancia que \u00e9 presenciado muitas vezes no tr\u00e2nsito.<\/p>\n\n\n\n<p class=\"wp-block-paragraph\">&#8220;H\u00e1 pouco tempo, vimos diversos casos de briga de tr\u00e2nsito, e a a\u00e7\u00e3o<\/p>\n\n\n\n<p class=\"wp-block-paragraph\">dela vai na contram\u00e3o disso tudo, mostra uma atitude totalmente solid\u00e1ria. Pelo que vi, o morador de rua ficou surpreso, porque ficou olhando para o carro, como se n\u00e3o tivesse acreditando. Eu fiquei arrepiado&#8221;, finaliza.<\/p>\n\n\n\n<figure class=\"wp-block-image\"><img decoding=\"async\" src=\"https:\/\/s2.glbimg.com\/e_6l4l79V1PgaWYuihRsrfNHFJY=\/0x46:984x825\/984x0\/smart\/filters:strip_icc()\/i.s3.glbimg.com\/v1\/AUTH_59edd422c0c84a879bd37670ae4f538a\/internal_photos\/bs\/2020\/x\/a\/cBb5QQSDWT3dpHgTb2Zg\/agasalha-morador.jpg\" alt=\"Mulher desceu de ve\u00edculo e agasalhou morador de rua em S\u00e3o Vicente, SP \u2014 Foto: Reprodu\u00e7\u00e3o\"\/><\/figure>\n\n\n\n<p class=\"wp-block-paragraph\">Mulher desceu de ve\u00edculo e agasalhou morador de rua em S\u00e3o Vicente, SP \u2014 Foto: Reprodu\u00e7\u00e3o<\/p>\n\n\n\n<p class=\"wp-block-paragraph\">COM G1<\/p>\n","protected":false},"excerpt":{"rendered":"<p>Em um dia frio e de chuva, a atitude de uma\u00a0mulher ao descer do carro e agasalhar um morador de rua, em\u00a0S\u00e3o Vicente, no litoral de S\u00e3o Paulo, comoveu muitas pessoas. &#8220;Foi um ato de muita solidariedade&#8221;, resumiu o eletricista Douglas Aparecido do Carmo, de 26 anos, em entrevista ao\u00a0G1\u00a0nesta quarta-feira (23). O jovem gravou a a\u00e7\u00e3o da mulher, ainda n\u00e3o identificada, e publicou nas redes sociais, comovendo internautas. O eletricista relata que estava indo para uma consulta m\u00e9dica de carro, acompanhado da m\u00e3e, e ao passar pela Avenida Quintino Bocaiuva, no Centro da cidade, viu um morador de rua pedindo dinheiro em alguns ve\u00edculos que paravam no sem\u00e1foro. De acordo com ele, segundos depois, uma mulher que estava em um autom\u00f3vel branco desceu e foi em dire\u00e7\u00e3o ao homem. &#8220;Estava chovendo bastante, o morador de rua andava na dire\u00e7\u00e3o do carro em que ela estava.&nbsp;Foi quando ela desceu do ve\u00edculo, levou um casaco e ainda colocou nele. Ele j\u00e1 estava pedindo um trocado para o pessoal l\u00e1 na frente. Eu n\u00e3o sei se ela estava dirigindo ou era passageira do carro&#8221;, explica. V\u00eddeo viralizou A a\u00e7\u00e3o chamou a aten\u00e7\u00e3o do jovem, que gravou o momento da doa\u00e7\u00e3o. Depois, o eletricista publicou o v\u00eddeo nas redes sociais e a imagem comoveu internautas. &#8220;Eu ainda n\u00e3o sei quem ela \u00e9, mas estou tentando encontr\u00e1-la pelas redes sociais. Quero poder dizer parab\u00e9ns pela atitude, porque ela n\u00e3o s\u00f3 deu o casaco, ela o vestiu nele. Acho que isso \u00e9 um exemplo a ser seguido, porque moradores de rua, \u00e0s vezes, s\u00e3o invis\u00edveis \u00e0 sociedade e merecem ser tratados como qualquer outra pessoa. E ela foi ali e fez, sem pensar que outra pessoa veria, fez pensando em ajudar ao pr\u00f3ximo, mesmo&#8221;. Para Douglas, a atitude chamou a aten\u00e7\u00e3o, dele e de tantas outras pessoas, devido ao cen\u00e1rio de viol\u00eancia que \u00e9 presenciado muitas vezes no tr\u00e2nsito. &#8220;H\u00e1 pouco tempo, vimos diversos casos de briga de tr\u00e2nsito, e a a\u00e7\u00e3o dela vai na contram\u00e3o disso tudo, mostra uma atitude totalmente solid\u00e1ria. Pelo que vi, o morador de rua ficou surpreso, porque ficou olhando para o carro, como se n\u00e3o tivesse acreditando. Eu fiquei arrepiado&#8221;, finaliza. Mulher desceu de ve\u00edculo e agasalhou morador de rua em S\u00e3o Vicente, SP \u2014 Foto: Reprodu\u00e7\u00e3o COM G1<\/p>\n","protected":false},"author":1,"featured_media":189651,"comment_status":"closed","ping_status":"closed","sticky":false,"template":"","format":"standard","meta":{"sfsi_plus_gutenberg_text_before_share":"","sfsi_plus_gutenberg_show_text_before_share":"","sfsi_plus_gutenberg_icon_type":"","sfsi_plus_gutenberg_icon_alignemt":"","sfsi_plus_gutenburg_max_per_row":"","footnotes":""},"categories":[6,50],"tags":[],"class_list":["post-189649","post","type-post","status-publish","format-standard","has-post-thumbnail","hentry","category-cidades","category-destaque"],"_links":{"self":[{"href":"https:\/\/www.caririemacao.com\/1\/wp-json\/wp\/v2\/posts\/189649","targetHints":{"allow":["GET"]}}],"collection":[{"href":"https:\/\/www.caririemacao.com\/1\/wp-json\/wp\/v2\/posts"}],"about":[{"href":"https:\/\/www.caririemacao.com\/1\/wp-json\/wp\/v2\/types\/post"}],"author":[{"embeddable":true,"href":"https:\/\/www.caririemacao.com\/1\/wp-json\/wp\/v2\/users\/1"}],"replies":[{"embeddable":true,"href":"https:\/\/www.caririemacao.com\/1\/wp-json\/wp\/v2\/comments?post=189649"}],"version-history":[{"count":1,"href":"https:\/\/www.caririemacao.com\/1\/wp-json\/wp\/v2\/posts\/189649\/revisions"}],"predecessor-version":[{"id":189652,"href":"https:\/\/www.caririemacao.com\/1\/wp-json\/wp\/v2\/posts\/189649\/revisions\/189652"}],"wp:featuredmedia":[{"embeddable":true,"href":"https:\/\/www.caririemacao.com\/1\/wp-json\/wp\/v2\/media\/189651"}],"wp:attachment":[{"href":"https:\/\/www.caririemacao.com\/1\/wp-json\/wp\/v2\/media?parent=189649"}],"wp:term":[{"taxonomy":"category","embeddable":true,"href":"https:\/\/www.caririemacao.com\/1\/wp-json\/wp\/v2\/categories?post=189649"},{"taxonomy":"post_tag","embeddable":true,"href":"https:\/\/www.caririemacao.com\/1\/wp-json\/wp\/v2\/tags?post=189649"}],"curies":[{"name":"wp","href":"https:\/\/api.w.org\/{rel}","templated":true}]}}