{"id":18983,"date":"2017-05-06T07:51:51","date_gmt":"2017-05-06T10:51:51","guid":{"rendered":"http:\/\/caririemacao.com\/1\/?p=18983"},"modified":"2017-05-06T15:42:10","modified_gmt":"2017-05-06T18:42:10","slug":"prefeita-de-ouro-velho-assina-ordem-de-servico-para-ampliacao-de-ubs-e-entrega-caminhao-compactador-e-carrinhos-de-lixo","status":"publish","type":"post","link":"https:\/\/www.caririemacao.com\/1\/2017\/05\/06\/prefeita-de-ouro-velho-assina-ordem-de-servico-para-ampliacao-de-ubs-e-entrega-caminhao-compactador-e-carrinhos-de-lixo\/","title":{"rendered":"Prefeita de Ouro Velho assina ordem de servi\u00e7o para amplia\u00e7\u00e3o de UBS e entrega caminh\u00e3o compactador e carrinhos de lixo"},"content":{"rendered":"<p>Na manh\u00e3 desta sexta-feira (05), a prefeita de Ouro Velho, Nat\u00e1lia de Dr. J\u00fanior, assinou a ordem de servi\u00e7o para a amplia\u00e7\u00e3o da Unidade B\u00e1sica de Sa\u00fade (UBS) \u201cMabel Dantas\u201d, localizada no bairro Mutir\u00e3o.<\/p>\n<p><a href=\"http:\/\/caririemacao.com\/1\/wp-content\/uploads\/2017\/05\/20170505_074347.jpg\"><img fetchpriority=\"high\" decoding=\"async\" class=\"aligncenter wp-image-18985 size-large\" src=\"http:\/\/caririemacao.com\/1\/wp-content\/uploads\/2017\/05\/20170505_074347-1024x576.jpg\" alt=\"20170505_074347\" width=\"800\" height=\"450\" srcset=\"https:\/\/www.caririemacao.com\/1\/wp-content\/uploads\/2017\/05\/20170505_074347-1024x576.jpg 1024w, https:\/\/www.caririemacao.com\/1\/wp-content\/uploads\/2017\/05\/20170505_074347-300x169.jpg 300w, https:\/\/www.caririemacao.com\/1\/wp-content\/uploads\/2017\/05\/20170505_074347-768x432.jpg 768w\" sizes=\"(max-width: 800px) 100vw, 800px\" \/><\/a><br \/>\nA prefeita ainda entregou um ve\u00edculo compactador que servir\u00e1 para a coleta de lixo da cidade de Ouro Velho. De acordo com a prefeita, a Prefeitura Municipal de Ouro Velho adquiriu esse benef\u00edcio t\u00e3o relevante para a coleta de lixo da cidade. Trata-se de um moderno caminh\u00e3o compactador de lixo, que foi entregue \u00e0 popula\u00e7\u00e3o ourovelhense. Al\u00e9m disso, foi entregue 5 carrinhos para coletar o lixo.<\/p>\n<p><a href=\"http:\/\/caririemacao.com\/1\/wp-content\/uploads\/2017\/05\/20170505_073220.jpg\"><img decoding=\"async\" class=\"aligncenter wp-image-18988 size-large lazyload\" data-src=\"http:\/\/caririemacao.com\/1\/wp-content\/uploads\/2017\/05\/20170505_073220-1024x576.jpg\" alt=\"20170505_073220\" width=\"800\" height=\"450\" data-srcset=\"https:\/\/www.caririemacao.com\/1\/wp-content\/uploads\/2017\/05\/20170505_073220-1024x576.jpg 1024w, https:\/\/www.caririemacao.com\/1\/wp-content\/uploads\/2017\/05\/20170505_073220-300x169.jpg 300w, https:\/\/www.caririemacao.com\/1\/wp-content\/uploads\/2017\/05\/20170505_073220-768x432.jpg 768w\" data-sizes=\"(max-width: 800px) 100vw, 800px\" src=\"data:image\/svg+xml;base64,PHN2ZyB3aWR0aD0iMSIgaGVpZ2h0PSIxIiB4bWxucz0iaHR0cDovL3d3dy53My5vcmcvMjAwMC9zdmciPjwvc3ZnPg==\" style=\"--smush-placeholder-width: 800px; --smush-placeholder-aspect-ratio: 800\/450;\" \/><\/a><br \/>\nA cerim\u00f4nia de entrega teve a presen\u00e7a da prefeita Nat\u00e1lia, do vice-prefeito, Fl\u00e1vio Henrique, vereadores, secret\u00e1rios, do m\u00e9dico Dr. J\u00fanior e da popula\u00e7\u00e3o do munic\u00edpio.<\/p>\n<p><a href=\"http:\/\/caririemacao.com\/1\/wp-content\/uploads\/2017\/05\/20170505_073759.jpg\"><img decoding=\"async\" class=\"alignnone wp-image-18986 size-large lazyload\" data-src=\"http:\/\/caririemacao.com\/1\/wp-content\/uploads\/2017\/05\/20170505_073759-1024x576.jpg\" alt=\"20170505_073759\" width=\"800\" height=\"450\" data-srcset=\"https:\/\/www.caririemacao.com\/1\/wp-content\/uploads\/2017\/05\/20170505_073759-1024x576.jpg 1024w, https:\/\/www.caririemacao.com\/1\/wp-content\/uploads\/2017\/05\/20170505_073759-300x169.jpg 300w, https:\/\/www.caririemacao.com\/1\/wp-content\/uploads\/2017\/05\/20170505_073759-768x432.jpg 768w\" data-sizes=\"(max-width: 800px) 100vw, 800px\" src=\"data:image\/svg+xml;base64,PHN2ZyB3aWR0aD0iMSIgaGVpZ2h0PSIxIiB4bWxucz0iaHR0cDovL3d3dy53My5vcmcvMjAwMC9zdmciPjwvc3ZnPg==\" style=\"--smush-placeholder-width: 800px; --smush-placeholder-aspect-ratio: 800\/450;\" \/><\/a><br \/>\n\u201c\u00c9 nosso prop\u00f3sito investir extremamente na sa\u00fade da cidade, seja ampliando UBS que atender\u00e1 melhor a popula\u00e7\u00e3o, seja adquirindo equipamentos para a limpeza p\u00fablica da cidade\u201d, enfatizou a prefeita.<br \/>\n<strong>CARIRI EM A\u00c7\u00c3O<\/strong><br \/>\nLeia mais not\u00edcias em caririemacao.com, siga nossa p\u00e1gina no Facebook e Instagram veja nossas mat\u00e9rias e fotos. Voc\u00ea tamb\u00e9m pode enviar informa\u00e7\u00f5es \u00e0 Reda\u00e7\u00e3o do Portal Cariri em A\u00e7\u00e3o pelo Whatsapp (83) 9 9634.5791, (83) 9 9601-1162.<\/p>\n","protected":false},"excerpt":{"rendered":"<p>Na manh\u00e3 desta sexta-feira (05), a prefeita de Ouro Velho, Nat\u00e1lia de Dr. J\u00fanior, assinou a ordem de servi\u00e7o para a amplia\u00e7\u00e3o da Unidade B\u00e1sica&hellip; <\/p>\n","protected":false},"author":2,"featured_media":18984,"comment_status":"closed","ping_status":"closed","sticky":false,"template":"","format":"standard","meta":{"sfsi_plus_gutenberg_text_before_share":"","sfsi_plus_gutenberg_show_text_before_share":"","sfsi_plus_gutenberg_icon_type":"","sfsi_plus_gutenberg_icon_alignemt":"","sfsi_plus_gutenburg_max_per_row":"","footnotes":""},"categories":[6],"tags":[],"class_list":["post-18983","post","type-post","status-publish","format-standard","has-post-thumbnail","hentry","category-cidades"],"_links":{"self":[{"href":"https:\/\/www.caririemacao.com\/1\/wp-json\/wp\/v2\/posts\/18983","targetHints":{"allow":["GET"]}}],"collection":[{"href":"https:\/\/www.caririemacao.com\/1\/wp-json\/wp\/v2\/posts"}],"about":[{"href":"https:\/\/www.caririemacao.com\/1\/wp-json\/wp\/v2\/types\/post"}],"author":[{"embeddable":true,"href":"https:\/\/www.caririemacao.com\/1\/wp-json\/wp\/v2\/users\/2"}],"replies":[{"embeddable":true,"href":"https:\/\/www.caririemacao.com\/1\/wp-json\/wp\/v2\/comments?post=18983"}],"version-history":[{"count":0,"href":"https:\/\/www.caririemacao.com\/1\/wp-json\/wp\/v2\/posts\/18983\/revisions"}],"wp:featuredmedia":[{"embeddable":true,"href":"https:\/\/www.caririemacao.com\/1\/wp-json\/wp\/v2\/media\/18984"}],"wp:attachment":[{"href":"https:\/\/www.caririemacao.com\/1\/wp-json\/wp\/v2\/media?parent=18983"}],"wp:term":[{"taxonomy":"category","embeddable":true,"href":"https:\/\/www.caririemacao.com\/1\/wp-json\/wp\/v2\/categories?post=18983"},{"taxonomy":"post_tag","embeddable":true,"href":"https:\/\/www.caririemacao.com\/1\/wp-json\/wp\/v2\/tags?post=18983"}],"curies":[{"name":"wp","href":"https:\/\/api.w.org\/{rel}","templated":true}]}}