{"id":189892,"date":"2020-09-24T19:30:30","date_gmt":"2020-09-24T22:30:30","guid":{"rendered":"https:\/\/www.caririemacao.com\/1\/?p=189892"},"modified":"2020-09-24T19:30:34","modified_gmt":"2020-09-24T22:30:34","slug":"governo-bolsonaro-tem-aprovacao-de-40-e-reprovacao-de-29-diz-pesquisa-ibope","status":"publish","type":"post","link":"https:\/\/www.caririemacao.com\/1\/2020\/09\/24\/governo-bolsonaro-tem-aprovacao-de-40-e-reprovacao-de-29-diz-pesquisa-ibope\/","title":{"rendered":"Governo Bolsonaro tem aprova\u00e7\u00e3o de 40% e reprova\u00e7\u00e3o de 29%, diz pesquisa Ibope"},"content":{"rendered":"\n<p class=\"wp-block-paragraph\">Pesquisa\u00a0Ibope\u00a0divulgada nesta quinta-feira (24) mostra os seguintes percentuais de avalia\u00e7\u00e3o do governo do presidente\u00a0Jair Bolsonaro:<\/p>\n\n\n\n<ul class=\"wp-block-list\"><li><strong>\u00d3timo\/bom<\/strong>: 40%;<\/li><li><strong>Regular:&nbsp;<\/strong>29%;<\/li><li><strong>Ruim\/p\u00e9ssimo:<\/strong>&nbsp;29%;<\/li><li><strong>N\u00e3o sabe\/n\u00e3o respondeu:<\/strong>&nbsp;2%<\/li><\/ul>\n\n\n\n<p class=\"wp-block-paragraph\">A pesquisa foi encomendada pela\u00a0Confedera\u00e7\u00e3o Nacional da Ind\u00fastria\u00a0(CNI). De acordo com a entidade, o levantamento foi feito entre os dias 17 e 20 de setembro e ouviu 2 mil pessoas em 127 munic\u00edpios.<\/p>\n\n\n\n<p class=\"wp-block-paragraph\">Ainda segundo a pesquisa, 46% dizem confiar em Jair Bolsonaro; outros 51% afirmam n\u00e3o confiar; 3% n\u00e3o souberam ou n\u00e3o quiseram responder.<\/p>\n\n\n\n<p class=\"wp-block-paragraph\">A margem de erro da pesquisa \u00e9 de dois pontos percentuais para mais ou para menos e o n\u00edvel de confian\u00e7a, de 95%.<\/p>\n\n\n\n<p class=\"wp-block-paragraph\">A \u00faltima pesquisa divulgada pelo Ibope e tamb\u00e9m encomendada pela CNI sobre a aprova\u00e7\u00e3o do presidente\u00a0foi feita em dezembro de 2019.<\/p>\n\n\n\n<p class=\"wp-block-paragraph\">Os n\u00fameros levantados na \u00e9poca foram:&nbsp;<strong>\u00d3timo\/bom<\/strong>: 29%;&nbsp;<strong>Regular<\/strong>: 31%;&nbsp;<strong>Ruim\/p\u00e9ssimo<\/strong>: 38%;&nbsp;<strong>N\u00e3o sabe\/n\u00e3o respondeu<\/strong>: 3%.<\/p>\n\n\n\n<h2 class=\"has-normal-font-size wp-block-heading\">Expectativa da popula\u00e7\u00e3o<\/h2>\n\n\n\n<p class=\"wp-block-paragraph\">A nova sondagem tamb\u00e9m considerou a expectativa da popula\u00e7\u00e3o sobre o governo. Os resultados apontam que 36% acreditam que os pr\u00f3ximos anos de mandato de Bolsonaro ser\u00e3o \u00f3timos ou bons.<\/p>\n\n\n\n<p class=\"wp-block-paragraph\">Outros 30% disseram que ser\u00e3o ruins ou p\u00e9ssimos. Para 29%, os pr\u00f3ximos anos ser\u00e3o regulares. Os tr\u00eas percentuais variaram dentro da margem de erro.<\/p>\n\n\n\n<h2 class=\"has-normal-font-size wp-block-heading\">Forma de governar<\/h2>\n\n\n\n<p class=\"wp-block-paragraph\">Um dos aspectos pesquisados diz respeito \u00e0 aprova\u00e7\u00e3o da maneira de governar do presidente Jair Bolsonaro. Sobre este quesito, os resultados foram:<\/p>\n\n\n\n<ul class=\"wp-block-list\"><li><strong>Aprova<\/strong>: 50%;<\/li><li><strong>Desaprova<\/strong>: 45%;<\/li><li><strong>N\u00e3o sabe, ou n\u00e3o respondeu<\/strong>: 5%.<\/li><\/ul>\n\n\n\n<p class=\"wp-block-paragraph\">No levantamento anterior, 41% dos entrevistados aprovavam a maneira de governar de Bolsonaro, 53% desaprovavam e 5% n\u00e3o souberam ou n\u00e3o responderam.<\/p>\n\n\n\n<h2 class=\"has-normal-font-size wp-block-heading\">Setores do governo<\/h2>\n\n\n\n<p class=\"wp-block-paragraph\">A pesquisa avaliou ainda a percep\u00e7\u00e3o da popula\u00e7\u00e3o a respeito de \u00e1reas do governo:<\/p>\n\n\n\n<p class=\"wp-block-paragraph\"><strong>Seguran\u00e7a p\u00fablica<\/strong><\/p>\n\n\n\n<ul class=\"wp-block-list\"><li><strong>Aprova<\/strong>: 51%;<\/li><li><strong>Reprova<\/strong>: 45%;<\/li><li><strong>N\u00e3o sabe\/n\u00e3o respondeu<\/strong>: 3%.<\/li><\/ul>\n\n\n\n<p class=\"wp-block-paragraph\"><strong>Combate \u00e0 fome e \u00e0 pobreza<\/strong><\/p>\n\n\n\n<ul class=\"wp-block-list\"><li><strong>Aprova<\/strong>: 48%;<\/li><li><strong>Reprova<\/strong>: 49%;<\/li><li><strong>N\u00e3o sabe\/n\u00e3o respondeu<\/strong>: 3%<\/li><\/ul>\n\n\n\n<p class=\"wp-block-paragraph\"><strong>Meio ambiente<\/strong><\/p>\n\n\n\n<ul class=\"wp-block-list\"><li><strong>Aprova<\/strong>: 37%;<\/li><li><strong>Reprova<\/strong>: 57%;<\/li><li><strong>N\u00e3o sabe\/n\u00e3o respondeu<\/strong>: 6%.<\/li><\/ul>\n\n\n\n<p class=\"wp-block-paragraph\"><strong>Sa\u00fade<\/strong><\/p>\n\n\n\n<ul class=\"wp-block-list\"><li><strong>Aprova<\/strong>: 43%;<\/li><li><strong>Reprova<\/strong>: 55%;<\/li><li><strong>N\u00e3o sabe\/n\u00e3o respondeu<\/strong>: 2%.<\/li><\/ul>\n\n\n\n<p class=\"wp-block-paragraph\"><strong>Educa\u00e7\u00e3o<\/strong><\/p>\n\n\n\n<ul class=\"wp-block-list\"><li><strong>Aprova<\/strong>: 44%;<\/li><li><strong>Reprova<\/strong>: 52%;<\/li><li><strong>N\u00e3o sabe\/n\u00e3o respondeu<\/strong>: 3%<\/li><\/ul>\n\n\n\n<p class=\"wp-block-paragraph\"><strong>Combate ao desemprego<\/strong><\/p>\n\n\n\n<ul class=\"wp-block-list\"><li><strong>Aprova<\/strong>: 37%;<\/li><li><strong>Reprova<\/strong>: 60%;<\/li><li><strong>N\u00e3o sabe\/n\u00e3o respondeu<\/strong>: 3%<\/li><\/ul>\n\n\n\n<p class=\"wp-block-paragraph\"><strong>Combate \u00e0 infla\u00e7\u00e3o<\/strong><\/p>\n\n\n\n<ul class=\"wp-block-list\"><li><strong>Aprova<\/strong>: 38%;<\/li><li><strong>Reprova<\/strong>: 56%;<\/li><li><strong>N\u00e3o sabe\/n\u00e3o respondeu<\/strong>: 6%<\/li><\/ul>\n\n\n\n<p class=\"wp-block-paragraph\"><strong>Taxa de juros<\/strong><\/p>\n\n\n\n<ul class=\"wp-block-list\"><li><strong>Aprova<\/strong>: 30%;<\/li><li><strong>Reprova<\/strong>: 64%;<\/li><li><strong>N\u00e3o sabe\/n\u00e3o respondeu<\/strong>: 7%<\/li><\/ul>\n\n\n\n<p class=\"wp-block-paragraph\"><strong>Impostos<\/strong><\/p>\n\n\n\n<ul class=\"wp-block-list\"><li><strong>Aprova<\/strong>: 28%;<\/li><li><strong>Reprova<\/strong>: 67%;<\/li><li><strong>N\u00e3o sabe\/n\u00e3o respondeu<\/strong>: 5%<\/li><\/ul>\n\n\n\n<h2 class=\"has-normal-font-size wp-block-heading\">Outros temas<\/h2>\n\n\n\n<p class=\"wp-block-paragraph\">O Ibope tamb\u00e9m perguntou aos entrevistados sobre a percep\u00e7\u00e3o do notici\u00e1rio em rela\u00e7\u00e3o ao governo Jair Bolsonaro. Na pesquisa, 20% avaliam que as not\u00edcias recentes sobre o governo s\u00e3o mais favor\u00e1veis, e 43%, que s\u00e3o mais desfavor\u00e1veis.<\/p>\n\n\n\n<p class=\"wp-block-paragraph\">Outros 25% consideram que as not\u00edcias n\u00e3o s\u00e3o favor\u00e1veis nem desfavor\u00e1veis; 12% n\u00e3o sabem ou n\u00e3o quiseram opinar.<\/p>\n\n\n\n<p class=\"wp-block-paragraph\">A pesquisa tamb\u00e9m pediu uma compara\u00e7\u00e3o entre o governo atual e o governo anterior, do presidente Michel Temer (MDB).<\/p>\n\n\n\n<p class=\"wp-block-paragraph\">Dos entrevistados, 49% consideram o governo Bolsonaro melhor que o antecessor, 26% consideram igual e 21% consideram o atual governo pior; 4% n\u00e3o souberam ou n\u00e3o quiseram opinar.<\/p>\n\n\n\n<p class=\"wp-block-paragraph\">COM G1<\/p>\n","protected":false},"excerpt":{"rendered":"<p>Pesquisa\u00a0Ibope\u00a0divulgada nesta quinta-feira (24) mostra os seguintes percentuais de avalia\u00e7\u00e3o do governo do presidente\u00a0Jair Bolsonaro: \u00d3timo\/bom: 40%; Regular:&nbsp;29%; Ruim\/p\u00e9ssimo:&nbsp;29%; N\u00e3o sabe\/n\u00e3o respondeu:&nbsp;2% A pesquisa foi encomendada pela\u00a0Confedera\u00e7\u00e3o Nacional da Ind\u00fastria\u00a0(CNI). De acordo com a entidade, o levantamento foi feito entre os dias 17 e 20 de setembro e ouviu 2 mil pessoas em 127 munic\u00edpios. Ainda segundo a pesquisa, 46% dizem confiar em Jair Bolsonaro; outros 51% afirmam n\u00e3o confiar; 3% n\u00e3o souberam ou n\u00e3o quiseram responder. A margem de erro da pesquisa \u00e9 de dois pontos percentuais para mais ou para menos e o n\u00edvel de confian\u00e7a, de 95%. A \u00faltima pesquisa divulgada pelo Ibope e tamb\u00e9m encomendada pela CNI sobre a aprova\u00e7\u00e3o do presidente\u00a0foi feita em dezembro de 2019. Os n\u00fameros levantados na \u00e9poca foram:&nbsp;\u00d3timo\/bom: 29%;&nbsp;Regular: 31%;&nbsp;Ruim\/p\u00e9ssimo: 38%;&nbsp;N\u00e3o sabe\/n\u00e3o respondeu: 3%. Expectativa da popula\u00e7\u00e3o A nova sondagem tamb\u00e9m considerou a expectativa da popula\u00e7\u00e3o sobre o governo. Os resultados apontam que 36% acreditam que os pr\u00f3ximos anos de mandato de Bolsonaro ser\u00e3o \u00f3timos ou bons. Outros 30% disseram que ser\u00e3o ruins ou p\u00e9ssimos. Para 29%, os pr\u00f3ximos anos ser\u00e3o regulares. Os tr\u00eas percentuais variaram dentro da margem de erro. Forma de governar Um dos aspectos pesquisados diz respeito \u00e0 aprova\u00e7\u00e3o da maneira de governar do presidente Jair Bolsonaro. Sobre este quesito, os resultados foram: Aprova: 50%; Desaprova: 45%; N\u00e3o sabe, ou n\u00e3o respondeu: 5%. No levantamento anterior, 41% dos entrevistados aprovavam a maneira de governar de Bolsonaro, 53% desaprovavam e 5% n\u00e3o souberam ou n\u00e3o responderam. Setores do governo A pesquisa avaliou ainda a percep\u00e7\u00e3o da popula\u00e7\u00e3o a respeito de \u00e1reas do governo: Seguran\u00e7a p\u00fablica Aprova: 51%; Reprova: 45%; N\u00e3o sabe\/n\u00e3o respondeu: 3%. Combate \u00e0 fome e \u00e0 pobreza Aprova: 48%; Reprova: 49%; N\u00e3o sabe\/n\u00e3o respondeu: 3% Meio ambiente Aprova: 37%; Reprova: 57%; N\u00e3o sabe\/n\u00e3o respondeu: 6%. Sa\u00fade Aprova: 43%; Reprova: 55%; N\u00e3o sabe\/n\u00e3o respondeu: 2%. Educa\u00e7\u00e3o Aprova: 44%; Reprova: 52%; N\u00e3o sabe\/n\u00e3o respondeu: 3% Combate ao desemprego Aprova: 37%; Reprova: 60%; N\u00e3o sabe\/n\u00e3o respondeu: 3% Combate \u00e0 infla\u00e7\u00e3o Aprova: 38%; Reprova: 56%; N\u00e3o sabe\/n\u00e3o respondeu: 6% Taxa de juros Aprova: 30%; Reprova: 64%; N\u00e3o sabe\/n\u00e3o respondeu: 7% Impostos Aprova: 28%; Reprova: 67%; N\u00e3o sabe\/n\u00e3o respondeu: 5% Outros temas O Ibope tamb\u00e9m perguntou aos entrevistados sobre a percep\u00e7\u00e3o do notici\u00e1rio em rela\u00e7\u00e3o ao governo Jair Bolsonaro. Na pesquisa, 20% avaliam que as not\u00edcias recentes sobre o governo s\u00e3o mais favor\u00e1veis, e 43%, que s\u00e3o mais desfavor\u00e1veis. Outros 25% consideram que as not\u00edcias n\u00e3o s\u00e3o favor\u00e1veis nem desfavor\u00e1veis; 12% n\u00e3o sabem ou n\u00e3o quiseram opinar. A pesquisa tamb\u00e9m pediu uma compara\u00e7\u00e3o entre o governo atual e o governo anterior, do presidente Michel Temer (MDB). Dos entrevistados, 49% consideram o governo Bolsonaro melhor que o antecessor, 26% consideram igual e 21% consideram o atual governo pior; 4% n\u00e3o souberam ou n\u00e3o quiseram opinar. COM G1<\/p>\n","protected":false},"author":1,"featured_media":189863,"comment_status":"closed","ping_status":"closed","sticky":false,"template":"","format":"standard","meta":{"sfsi_plus_gutenberg_text_before_share":"","sfsi_plus_gutenberg_show_text_before_share":"","sfsi_plus_gutenberg_icon_type":"","sfsi_plus_gutenberg_icon_alignemt":"","sfsi_plus_gutenburg_max_per_row":"","footnotes":""},"categories":[2,98],"tags":[],"class_list":["post-189892","post","type-post","status-publish","format-standard","has-post-thumbnail","hentry","category-geral","category-presidente"],"_links":{"self":[{"href":"https:\/\/www.caririemacao.com\/1\/wp-json\/wp\/v2\/posts\/189892","targetHints":{"allow":["GET"]}}],"collection":[{"href":"https:\/\/www.caririemacao.com\/1\/wp-json\/wp\/v2\/posts"}],"about":[{"href":"https:\/\/www.caririemacao.com\/1\/wp-json\/wp\/v2\/types\/post"}],"author":[{"embeddable":true,"href":"https:\/\/www.caririemacao.com\/1\/wp-json\/wp\/v2\/users\/1"}],"replies":[{"embeddable":true,"href":"https:\/\/www.caririemacao.com\/1\/wp-json\/wp\/v2\/comments?post=189892"}],"version-history":[{"count":1,"href":"https:\/\/www.caririemacao.com\/1\/wp-json\/wp\/v2\/posts\/189892\/revisions"}],"predecessor-version":[{"id":189895,"href":"https:\/\/www.caririemacao.com\/1\/wp-json\/wp\/v2\/posts\/189892\/revisions\/189895"}],"wp:featuredmedia":[{"embeddable":true,"href":"https:\/\/www.caririemacao.com\/1\/wp-json\/wp\/v2\/media\/189863"}],"wp:attachment":[{"href":"https:\/\/www.caririemacao.com\/1\/wp-json\/wp\/v2\/media?parent=189892"}],"wp:term":[{"taxonomy":"category","embeddable":true,"href":"https:\/\/www.caririemacao.com\/1\/wp-json\/wp\/v2\/categories?post=189892"},{"taxonomy":"post_tag","embeddable":true,"href":"https:\/\/www.caririemacao.com\/1\/wp-json\/wp\/v2\/tags?post=189892"}],"curies":[{"name":"wp","href":"https:\/\/api.w.org\/{rel}","templated":true}]}}