{"id":19021,"date":"2017-05-06T08:50:03","date_gmt":"2017-05-06T11:50:03","guid":{"rendered":"http:\/\/caririemacao.com\/1\/?p=19021"},"modified":"2017-05-06T08:50:03","modified_gmt":"2017-05-06T11:50:03","slug":"rodolpho-carlos-deixa-cela-isolada-e-segue-para-pavilhao-com-outros-presos","status":"publish","type":"post","link":"https:\/\/www.caririemacao.com\/1\/2017\/05\/06\/rodolpho-carlos-deixa-cela-isolada-e-segue-para-pavilhao-com-outros-presos\/","title":{"rendered":"Rodolpho Carlos deixa cela isolada e segue para pavilh\u00e3o com outros presos"},"content":{"rendered":"<p>Rodolpho Gon\u00e7alves Carlos da Silva, preso por atropelar e matar o agente da Lei Seca Diogo Nascimento durante uma blitz da Lei Seca, na madrugada do dia 21 de janeiro deste ano, em Jo\u00e3o Pessoa, j\u00e1 deixou a cela isolada do pres\u00eddio PB-1 e seguiu para cela individual no PB-2, nesta sexta-feira (5).<\/p>\n<p>Os pres\u00eddios PB-1 e PB-2 fazem parte do Complexo Penitenci\u00e1rio de Seguran\u00e7a M\u00e1xima Romeu Gon\u00e7alves de Abrantes, em Jo\u00e3o Pessoa.<\/p>\n<p>Segundo o diretor da unidade, Lincoln Gomes, Rodolpho Carlos est\u00e1 em uma cela individual por determina\u00e7\u00e3o da Justi\u00e7a. Ele fica junto com outros presos, mas em espa\u00e7o isolado.<\/p>\n<p>\u201c[Ele] saiu do reconhecimento e foi para cela individual entrando na rotina normal da unidade. Estou cumprindo ordem judicial, j\u00e1 que [acusados\/condenados] crimes com repercuss\u00e3o muito grande costumamos colocar em uma cela s\u00f3 para evitar qualquer tipo de coisa. No pavilh\u00e3o que ele est\u00e1 tem presos de estupro, outros envolvidos em grupos de exterm\u00ednio\u201d, disse o diretor da unidade.<\/p>\n<p>Diogo Nascimento foi atropelado na madrugada do dia 21 de janeiro quando trabalhava em uma opera\u00e7\u00e3o da Lei Seca no Bessa, em Jo\u00e3o Pessoa. O acusado de atropel\u00e1-lo, Rodolpho Carlos, desobedeceu a ordem de parada e avan\u00e7ou um Porsche sobre o agente. A v\u00edtima chegou a ser socorrida para o Hospital de Emerg\u00eancia e Trauma Senador Humberto Lucena, mas morreu no dia seguinte.<\/p>\n<p>A Justi\u00e7a pediu que Rodolpho fosse preso, mas o desembargador Jo\u00e1s de Brito concedeu habeas corpus na madrugada do domingo (22), antes mesmo do suspeito ser detido. O carro dele foi apreendido. Durante a semana que se sucedeu ao atropelamento, a Pol\u00edcia Civil e o Minist\u00e9rio P\u00fablico da Para\u00edba formularam novo pedido de pris\u00e3o de Rodolpho e o caso ficou pendente at\u00e9 essa segunda-feira (24), quando foi tomada a decis\u00e3o do juiz Marcos William.<\/p>\n<p><strong>CARIRI EM A\u00c7\u00c3O<\/strong><\/p>\n<p>Com Portal Correio\/Foto:Reprodu\u00e7\u00e3o<\/p>\n<p><strong>Leia mais not\u00edcias em\u00a0<\/strong><a href=\"http:\/\/www.caririemacao.com\/\"><strong>caririemacao.com<\/strong><\/a><strong>, siga nossa p\u00e1gina no\u00a0<\/strong><a href=\"https:\/\/www.facebook.com\/CaririEmAcao\/?ref=aymt_homepage_panel\"><strong>Facebook<\/strong><\/a><strong>\u00a0e\u00a0<a href=\"https:\/\/www.instagram.com\/cariri_em_acao\/?hl=pt-br\">Instagram<\/a>\u00a0veja nossas mat\u00e9rias e fotos. Voc\u00ea tamb\u00e9m pode enviar informa\u00e7\u00f5es \u00e0 Reda\u00e7\u00e3o do Portal Cariri em A\u00e7\u00e3o pelo WhatsApp (83) 9 9634.5791, (83) 9 9601-1162.<\/strong><\/p>\n","protected":false},"excerpt":{"rendered":"<p>Rodolpho Gon\u00e7alves Carlos da Silva, preso por atropelar e matar o agente da Lei Seca Diogo Nascimento durante uma blitz da Lei Seca, na madrugada&hellip; <\/p>\n","protected":false},"author":2,"featured_media":18901,"comment_status":"closed","ping_status":"closed","sticky":false,"template":"","format":"standard","meta":{"sfsi_plus_gutenberg_text_before_share":"","sfsi_plus_gutenberg_show_text_before_share":"","sfsi_plus_gutenberg_icon_type":"","sfsi_plus_gutenberg_icon_alignemt":"","sfsi_plus_gutenburg_max_per_row":"","footnotes":""},"categories":[12],"tags":[],"class_list":["post-19021","post","type-post","status-publish","format-standard","has-post-thumbnail","hentry","category-policia"],"_links":{"self":[{"href":"https:\/\/www.caririemacao.com\/1\/wp-json\/wp\/v2\/posts\/19021","targetHints":{"allow":["GET"]}}],"collection":[{"href":"https:\/\/www.caririemacao.com\/1\/wp-json\/wp\/v2\/posts"}],"about":[{"href":"https:\/\/www.caririemacao.com\/1\/wp-json\/wp\/v2\/types\/post"}],"author":[{"embeddable":true,"href":"https:\/\/www.caririemacao.com\/1\/wp-json\/wp\/v2\/users\/2"}],"replies":[{"embeddable":true,"href":"https:\/\/www.caririemacao.com\/1\/wp-json\/wp\/v2\/comments?post=19021"}],"version-history":[{"count":0,"href":"https:\/\/www.caririemacao.com\/1\/wp-json\/wp\/v2\/posts\/19021\/revisions"}],"wp:featuredmedia":[{"embeddable":true,"href":"https:\/\/www.caririemacao.com\/1\/wp-json\/wp\/v2\/media\/18901"}],"wp:attachment":[{"href":"https:\/\/www.caririemacao.com\/1\/wp-json\/wp\/v2\/media?parent=19021"}],"wp:term":[{"taxonomy":"category","embeddable":true,"href":"https:\/\/www.caririemacao.com\/1\/wp-json\/wp\/v2\/categories?post=19021"},{"taxonomy":"post_tag","embeddable":true,"href":"https:\/\/www.caririemacao.com\/1\/wp-json\/wp\/v2\/tags?post=19021"}],"curies":[{"name":"wp","href":"https:\/\/api.w.org\/{rel}","templated":true}]}}