{"id":19023,"date":"2017-05-06T05:02:37","date_gmt":"2017-05-06T08:02:37","guid":{"rendered":"http:\/\/caririemacao.com\/1\/?p=19023"},"modified":"2017-05-06T15:43:56","modified_gmt":"2017-05-06T18:43:56","slug":"pb-registra-438-homicidios-de-janeiro-a-abril-media-e-de-mais-de-3-por-dia","status":"publish","type":"post","link":"https:\/\/www.caririemacao.com\/1\/2017\/05\/06\/pb-registra-438-homicidios-de-janeiro-a-abril-media-e-de-mais-de-3-por-dia\/","title":{"rendered":"PB registra 438 homic\u00eddios de janeiro a abril; m\u00e9dia \u00e9 de mais de 3 por dia"},"content":{"rendered":"<p>De acordo com n\u00fameros apresentados pela Secretaria da Seguran\u00e7a e da Defesa Social (Sesds) ao governador Ricardo Coutinho, durante reuni\u00e3o de monitoramento ocorrida na tarde desta quinta-feira (4), no Pal\u00e1cio da Reden\u00e7\u00e3o, em Jo\u00e3o Pessoa, de janeiro a abril deste ano, foram contabilizadas 438 ocorr\u00eancias de homic\u00eddios dolosos ou qualquer outro crime doloso que resulte em morte, o que resulta em uma m\u00e9dia de 3,65 assassinatos por dia e de 109,5 por m\u00eas.<\/p>\n<div>O relat\u00f3rio do N\u00facleo de An\u00e1lise Criminal e Estat\u00edstica da Secretaria de Estado da Seguran\u00e7a e Defesa Social ainda mostrou que, apesar dos n\u00fameros expressivos, houve uma redu\u00e7\u00e3o de 7,6% nos homic\u00eddios em compara\u00e7\u00e3o ao primeiro quadrimestre de 2016, quando foram registrados 474 casos. Os assassinatos de mulheres tamb\u00e9m diminu\u00edram no per\u00edodo, sendo contabilizados 27 registros nestes quatro primeiros meses, enquanto que no ano passado foram 37 em igual per\u00edodo, representando uma redu\u00e7\u00e3o de 27%.<\/div>\n<div><\/div>\n<div>Ainda segundo os n\u00fameros da Sesds, das 21 \u00c1reas Integradas de Seguran\u00e7a P\u00fablica distribu\u00eddas no estado, 11 apresentaram redu\u00e7\u00e3o de homic\u00eddios, a exemplo daquelas que abrangem as Zonas Sul e Norte de Jo\u00e3o Pessoa, Esperan\u00e7a, Santa Rita, Bayeux, Cabedelo, Queimadas, Sol\u00e2nea, Monteiro, Patos e Cajazeiras, entre outras.<\/div>\n<div><\/div>\n<div>Al\u00e9m do governador Ricardo Coutinho, tamb\u00e9m participaram da reuni\u00e3o de monitoramento o secret\u00e1rio de Seguran\u00e7a Cl\u00e1udio Lima, a vice-governadora L\u00edgia Feliciano, o comandante geral da Pol\u00edcia Militar, coronel Euller Chaves, o delegado geral da Pol\u00edcia Civil, Jo\u00e3o Alves, e demais representantes da \u00e1rea da seguran\u00e7a.<\/div>\n<div>\n<p><strong>CARIRI EM A\u00c7\u00c3O<\/strong><\/p>\n<p>Com Portal Correio\/ Foto: Reprodu\u00e7\u00e3o<\/p>\n<p><strong>Leia mais not\u00edcias em\u00a0<\/strong><a href=\"http:\/\/www.caririemacao.com\/\"><strong>caririemacao.com<\/strong><\/a><strong>, siga nossa p\u00e1gina no\u00a0<\/strong><a href=\"https:\/\/www.facebook.com\/CaririEmAcao\/?ref=aymt_homepage_panel\"><strong>Facebook<\/strong><\/a><strong>\u00a0e\u00a0<a href=\"https:\/\/www.instagram.com\/cariri_em_acao\/?hl=pt-br\">Instagram<\/a>\u00a0veja nossas mat\u00e9rias e fotos. Voc\u00ea tamb\u00e9m pode enviar informa\u00e7\u00f5es \u00e0 Reda\u00e7\u00e3o do Portal Cariri em A\u00e7\u00e3o pelo WhatsApp (83) 9 9634.5791, (83) 9 9601-1162.<\/strong><\/p>\n<\/div>\n","protected":false},"excerpt":{"rendered":"<p>De acordo com n\u00fameros apresentados pela Secretaria da Seguran\u00e7a e da Defesa Social (Sesds) ao governador Ricardo Coutinho, durante reuni\u00e3o de monitoramento ocorrida na tarde&hellip; <\/p>\n","protected":false},"author":2,"featured_media":19024,"comment_status":"closed","ping_status":"closed","sticky":false,"template":"","format":"standard","meta":{"sfsi_plus_gutenberg_text_before_share":"","sfsi_plus_gutenberg_show_text_before_share":"","sfsi_plus_gutenberg_icon_type":"","sfsi_plus_gutenberg_icon_alignemt":"","sfsi_plus_gutenburg_max_per_row":"","footnotes":""},"categories":[12],"tags":[],"class_list":["post-19023","post","type-post","status-publish","format-standard","has-post-thumbnail","hentry","category-policia"],"_links":{"self":[{"href":"https:\/\/www.caririemacao.com\/1\/wp-json\/wp\/v2\/posts\/19023","targetHints":{"allow":["GET"]}}],"collection":[{"href":"https:\/\/www.caririemacao.com\/1\/wp-json\/wp\/v2\/posts"}],"about":[{"href":"https:\/\/www.caririemacao.com\/1\/wp-json\/wp\/v2\/types\/post"}],"author":[{"embeddable":true,"href":"https:\/\/www.caririemacao.com\/1\/wp-json\/wp\/v2\/users\/2"}],"replies":[{"embeddable":true,"href":"https:\/\/www.caririemacao.com\/1\/wp-json\/wp\/v2\/comments?post=19023"}],"version-history":[{"count":0,"href":"https:\/\/www.caririemacao.com\/1\/wp-json\/wp\/v2\/posts\/19023\/revisions"}],"wp:featuredmedia":[{"embeddable":true,"href":"https:\/\/www.caririemacao.com\/1\/wp-json\/wp\/v2\/media\/19024"}],"wp:attachment":[{"href":"https:\/\/www.caririemacao.com\/1\/wp-json\/wp\/v2\/media?parent=19023"}],"wp:term":[{"taxonomy":"category","embeddable":true,"href":"https:\/\/www.caririemacao.com\/1\/wp-json\/wp\/v2\/categories?post=19023"},{"taxonomy":"post_tag","embeddable":true,"href":"https:\/\/www.caririemacao.com\/1\/wp-json\/wp\/v2\/tags?post=19023"}],"curies":[{"name":"wp","href":"https:\/\/api.w.org\/{rel}","templated":true}]}}